{"id":7092,"date":"2024-03-17T16:03:06","date_gmt":"2024-03-17T19:03:06","guid":{"rendered":"https:\/\/focotocantinense.com.br\/?p=7092"},"modified":"2024-03-17T16:03:06","modified_gmt":"2024-03-17T19:03:06","slug":"tocantins-e-o-primeiro-estado-da-regiao-norte-na-geracao-de-empregos-em-janeiro-de-2024","status":"publish","type":"post","link":"https:\/\/focotocantinense.com.br\/?p=7092","title":{"rendered":"Tocantins \u00e9 o primeiro estado da regi\u00e3o Norte na gera\u00e7\u00e3o de empregos em janeiro de 2024"},"content":{"rendered":"\n<p>O Tocantins ocupa a 1\u00aa posi\u00e7\u00e3o entre os estados que menos desempregaram na regi\u00e3o Norte do Pa\u00eds, (valor absoluto), em janeiro de 2024. Os n\u00fameros s\u00e3o do Cadastro Geral de Empregados e Desempregados (Caged) e foram divulgados pelo Minist\u00e9rio do Trabalho e Emprego, nesta sexta-feira, 15.&nbsp;&nbsp;<\/p>\n\n\n\n<p>O Caged&nbsp;registrou em janeiro de 2024 um saldo positivo de 1.447 novos empregos gerados, n\u00famero que resulta de 11.287 admiss\u00f5es, menos 9.840 desligamentos. Ao comparar o desempenho de janeiro de 2024 com o mesmo per\u00edodo do ano passado percebe-se um crescimento de 21,9 % na gera\u00e7\u00e3o de empregos. No m\u00eas anterior, o Estado ocupou a 4\u00aa posi\u00e7\u00e3o.<\/p>\n\n\n\n<p>Para o secret\u00e1rio de Estado do Trabalho e Desenvolvimento Social (Setas), Jonis Cala\u00e7a, os n\u00fameros relacionados ao mercado de trabalho no Tocantins tem apresentado um constante crescimento como resultado do empenho do Governo do Tocantins em fomentar a economia e desenvolver pol\u00edticas com impacto no setor produtivo. \u201cOs dados mostram que as oportunidades de emprego est\u00e3o surgindo e nosso convite a cada tocantinense \u00e9 para que mantenham seus cadastros junto ao Sistema Nacional de Empregos (Sine) atualizados e aproveitem as capacita\u00e7\u00f5es e orienta\u00e7\u00f5es profissionais gratuitas que s\u00e3o disponibilizadas em nossas unidades\u201d, acrescentou o gestor.&nbsp;<\/p>\n\n\n\n<p>A gerente do Observat\u00f3rio do Trabalho, Wilany Bezerra, relata que em janeiro o setor que mais contratou no Tocantins foi o da constru\u00e7\u00e3o civil com um saldo positivo de 322 novos postos de trabalho abertos. \u201cGeralmente em janeiro n\u00e3o temos muitas contrata\u00e7\u00f5es na \u00e1rea da constru\u00e7\u00e3o civil devido \u00e0s chuvas, mas os dados desse ano trazem essa surpresa\u201d. Pontua a gerente.<\/p>\n\n\n\n<p><strong>Setores que mais empregaram no Tocantins<\/strong><\/p>\n\n\n\n<p>A constru\u00e7\u00e3o civil teve&nbsp; saldo positivo de 322 postos aberto seguida do setor de&nbsp; agricultura, pecu\u00e1ria, produ\u00e7\u00e3o florestal, pesca e agricultura com saldo de 314 novos postos de trabalho, em terceiro lugar estevam a administra\u00e7\u00e3o p\u00fablica (187) e com\u00e9rcio (186)&nbsp;que contribu\u00edram para que o Estado do Tocantins come\u00e7asse o ano com saldos positivos.<\/p>\n\n\n\n<p><strong>Movimenta\u00e7\u00e3o do mercado nas maiores cidades do Estado<\/strong><\/p>\n\n\n\n<p>No munic\u00edpio de Palmas foi registrado um saldo positivo 414 novos postos de empregos, em&nbsp; Araguaina 208 e em Porto Nacional 138.<\/p>\n\n\n\n<p><strong>Sobre o Caged<\/strong><\/p>\n\n\n\n<p>O Caged \u00e9 um registro administrativo do Minist\u00e9rio do Trabalho e Emprego que mede a quantidade de admiss\u00f5es e demiss\u00f5es de funcion\u00e1rios formais.<\/p>\n\n\n\n<p>A equipe de gest\u00e3o do Sistema Nacional do Emprego (Sine) no Tocantins monitora e avalia mensalmente os dados do Caged e associados a ele, outras bases de dados como a Pesquisa Nacional por Amostra e Domic\u00edlio (Pnad) e a Base de Gest\u00e3o da Intermedia\u00e7\u00e3o de M\u00e3o de Obra (BGIMO). Subsidiadas por essas pesquisas s\u00e3o tra\u00e7adas diretrizes para a atua\u00e7\u00e3o do Sistema em seus dez postos espalhados estrategicamente pelo Estado (Palmas; centro e Taquaralto; Aragua\u00edna; Gurupi; Porto Nacional; Para\u00edso; Guara\u00ed; Dian\u00f3polis; Almas e Araguatins). O objetivo final desse esfor\u00e7o \u00e9 diminuir a dist\u00e2ncia entre quem oferece e quem procura o emprego.<\/p>\n\n\n\n<p><strong>Vagas dispon\u00edveis no Sine<\/strong><\/p>\n\n\n\n<p>Para conferir, diariamente, a oferta de vagas nos 11 postos do Sine Tocantins acesse o site da Setas,&nbsp;<a href=\"https:\/\/setas.to.gov.br\/vagas-de-emprego\">https:\/\/setas.to.gov.br\/vagas-de-emprego<\/a><\/p>\n\n\n\n<figure class=\"wp-block-image size-large\"><img loading=\"lazy\" decoding=\"async\" width=\"1024\" height=\"585\" src=\"https:\/\/focotocantinense.com.br\/wp-content\/uploads\/2024\/03\/AAAA-2-1024x585.jpg\" alt=\"\" class=\"wp-image-7093\" srcset=\"https:\/\/focotocantinense.com.br\/wp-content\/uploads\/2024\/03\/AAAA-2-1024x585.jpg 1024w, https:\/\/focotocantinense.com.br\/wp-content\/uploads\/2024\/03\/AAAA-2-300x171.jpg 300w, https:\/\/focotocantinense.com.br\/wp-content\/uploads\/2024\/03\/AAAA-2-768x439.jpg 768w, https:\/\/focotocantinense.com.br\/wp-content\/uploads\/2024\/03\/AAAA-2-1536x878.jpg 1536w, https:\/\/focotocantinense.com.br\/wp-content\/uploads\/2024\/03\/AAAA-2.jpg 1965w\" sizes=\"auto, (max-width: 1024px) 100vw, 1024px\" \/><\/figure>\n\n\n\n<p><strong>Contatos<\/strong><\/p>\n\n\n\n<p><strong>&nbsp;<\/strong>Almas \u2013 3692.1628 (8h \u00e0s 18h)<\/p>\n\n\n\n<p>Aragua\u00edna \u2013 3414.3634 (8h \u00e0s 18h)<\/p>\n\n\n\n<p>Araguatins \u2013 3474.3003\/1100 (8h \u00e0s 14h)<\/p>\n\n\n\n<p>Colinas \u2013 99105.9203 (8h \u00e0s 14h)<\/p>\n\n\n\n<p>Dian\u00f3polis \u2013 3692-1628\/1293\/99281-5827 (8h \u00e0s 18h)<\/p>\n\n\n\n<p>Guara\u00ed \u2013 3464-1710\/99281-2318 &#8211; WhatsApp (8h \u00e0s 14h)<\/p>\n\n\n\n<p>Gurupi \u2013 3351-2477\/3212-7809 (8h \u00e0s 18h)<\/p>\n\n\n\n<p>Palmas &#8211; 3218-1960\/1975 (8h \u00e0s 18h)<\/p>\n\n\n\n<p>Para\u00edso \u2013 3602-3340\/3361-3174 (8h \u00e0s 18h)<\/p>\n\n\n\n<p>Porto Nacional \u2013 3363-2717\/6307 (8h \u00e0s 18h)<\/p>\n\n\n\n<p>Taquaralto &#8211; 3218-1962\/1936 (8h \u00e0s 18h).<\/p>\n\n\n\n<figure class=\"wp-block-image size-full\"><img loading=\"lazy\" decoding=\"async\" width=\"843\" height=\"251\" src=\"https:\/\/focotocantinense.com.br\/wp-content\/uploads\/2024\/03\/VINI_181-11.jpg\" alt=\"\" class=\"wp-image-7090\" srcset=\"https:\/\/focotocantinense.com.br\/wp-content\/uploads\/2024\/03\/VINI_181-11.jpg 843w, https:\/\/focotocantinense.com.br\/wp-content\/uploads\/2024\/03\/VINI_181-11-300x89.jpg 300w, https:\/\/focotocantinense.com.br\/wp-content\/uploads\/2024\/03\/VINI_181-11-768x229.jpg 768w\" sizes=\"auto, (max-width: 843px) 100vw, 843px\" \/><\/figure>\n","protected":false},"excerpt":{"rendered":"<p>O Tocantins ocupa a 1\u00aa posi\u00e7\u00e3o entre os estados que menos desempregaram na regi\u00e3o Norte do Pa\u00eds, (valor absoluto), em janeiro de 2024. Os n\u00fameros s\u00e3o do Cadastro Geral de Empregados e Desempregados (Caged) e foram divulgados pelo Minist\u00e9rio do Trabalho e Emprego, nesta sexta-feira, 15.&nbsp;&nbsp; O Caged&nbsp;registrou em janeiro de 2024 um saldo positivo &hellip;<\/p>\n","protected":false},"author":5,"featured_media":7093,"comment_status":"open","ping_status":"open","sticky":false,"template":"","format":"standard","meta":{"footnotes":""},"categories":[39],"tags":[],"class_list":["post-7092","post","type-post","status-publish","format-standard","has-post-thumbnail","","category-estado"],"_links":{"self":[{"href":"https:\/\/focotocantinense.com.br\/index.php?rest_route=\/wp\/v2\/posts\/7092","targetHints":{"allow":["GET"]}}],"collection":[{"href":"https:\/\/focotocantinense.com.br\/index.php?rest_route=\/wp\/v2\/posts"}],"about":[{"href":"https:\/\/focotocantinense.com.br\/index.php?rest_route=\/wp\/v2\/types\/post"}],"author":[{"embeddable":true,"href":"https:\/\/focotocantinense.com.br\/index.php?rest_route=\/wp\/v2\/users\/5"}],"replies":[{"embeddable":true,"href":"https:\/\/focotocantinense.com.br\/index.php?rest_route=%2Fwp%2Fv2%2Fcomments&post=7092"}],"version-history":[{"count":1,"href":"https:\/\/focotocantinense.com.br\/index.php?rest_route=\/wp\/v2\/posts\/7092\/revisions"}],"predecessor-version":[{"id":7094,"href":"https:\/\/focotocantinense.com.br\/index.php?rest_route=\/wp\/v2\/posts\/7092\/revisions\/7094"}],"wp:featuredmedia":[{"embeddable":true,"href":"https:\/\/focotocantinense.com.br\/index.php?rest_route=\/wp\/v2\/media\/7093"}],"wp:attachment":[{"href":"https:\/\/focotocantinense.com.br\/index.php?rest_route=%2Fwp%2Fv2%2Fmedia&parent=7092"}],"wp:term":[{"taxonomy":"category","embeddable":true,"href":"https:\/\/focotocantinense.com.br\/index.php?rest_route=%2Fwp%2Fv2%2Fcategories&post=7092"},{"taxonomy":"post_tag","embeddable":true,"href":"https:\/\/focotocantinense.com.br\/index.php?rest_route=%2Fwp%2Fv2%2Ftags&post=7092"}],"curies":[{"name":"wp","href":"https:\/\/api.w.org\/{rel}","templated":true}]}}