{"id":7086,"date":"2024-03-17T15:59:07","date_gmt":"2024-03-17T18:59:07","guid":{"rendered":"https:\/\/focotocantinense.com.br\/?p=7086"},"modified":"2024-03-17T15:59:47","modified_gmt":"2024-03-17T18:59:47","slug":"prefeitura-de-gurupi-antecipa-celebracao-ao-dia-mundial-da-agua-com-atividades-educativas-e-plantio-de-mudas-nativas","status":"publish","type":"post","link":"https:\/\/focotocantinense.com.br\/?p=7086","title":{"rendered":"Prefeitura de Gurupi antecipa celebra\u00e7\u00e3o ao Dia Mundial da \u00c1gua com atividades educativas e plantio de mudas nativas"},"content":{"rendered":"\n<p>Na manh\u00e3 desta sexta-feira, 15, a Prefeitura de Gurupi, por meio da Secretaria Municipal de Desenvolvimento Econ\u00f4mico e Meio Ambiente, realizou uma s\u00e9rie de atividades em celebra\u00e7\u00e3o ao Dia Mundial da \u00c1gua, comemorado em 22 de mar\u00e7o. A iniciativa buscou conscientizar alunos da rede municipal sobre a import\u00e2ncia da preserva\u00e7\u00e3o dos recursos h\u00eddricos e promover a\u00e7\u00f5es pr\u00e1ticas em prol do meio ambiente.<\/p>\n\n\n\n<p>O evento foi realizado em parceria com o Governo do Tocantins, por meio da Secretaria de Estado do meio Ambiente e Recursos H\u00eddricos; o Comit\u00ea das Bacias Hidrogr\u00e1ficas dos Rios Santo Ant\u00f4nio e Santa Tereza; e com a Universidade de Gurupi &#8211; UnirG.&nbsp;<\/p>\n\n\n\n<p>Entre as atividades, teve plantio de mudas nativas feito por alunos da Escola Municipal Dr. Ulisses Guimar\u00e3es, no Parque Tem\u00e1tico do C\u00f3rrego \u00c1gua Franca, inaugurado na ocasi\u00e3o pela UnirG. A atividade pr\u00e1tica proporcionou aos alunos um contato direto com a natureza e incentivou a preserva\u00e7\u00e3o das esp\u00e9cies locais. Al\u00e9m disso, ocorreu a posse dos novos membros do Comit\u00ea das Bacias Hidrogr\u00e1ficas dos Rios Santo Ant\u00f4nio e Santa Tereza. Durante o evento, os alunos tiveram a oportunidade de participar de palestras educativas sobre as bacias hidrogr\u00e1ficas e a import\u00e2ncia de sua conserva\u00e7\u00e3o.<\/p>\n\n\n\n<p>A secret\u00e1ria Municipal de Desenvolvimento Econ\u00f4mico e Meio Ambiente, Daniella Prudente, enfatizou a import\u00e2ncia de promover atividades educativas de preserva\u00e7\u00e3o n\u00e3o apenas no Dia Mundial da \u00c1gua, mas todos os dias. &#8220;Promover atividades de conserva\u00e7\u00e3o e preserva\u00e7\u00e3o ambiental \u00e9 uma necessidade urgente para garantir que as pr\u00f3ximas gera\u00e7\u00f5es possam desfrutar dos recursos naturais que temos hoje. Estou muito satisfeita com o engajamento de todos e com o empenho de nossa equipe e dos parceiros para tornar essa comemora\u00e7\u00e3o um sucesso. \u00c9 fundamental que continuemos investindo em educa\u00e7\u00e3o ambiental e em a\u00e7\u00f5es pr\u00e1ticas que visem a prote\u00e7\u00e3o dos nossos recursos h\u00eddricos&#8221;, afirmou.&nbsp;&nbsp;<\/p>\n\n\n\n<p>O secret\u00e1rio de Estado do Meio Ambiente, Marcelo Lelis, esteve presente no evento e destacou o trabalho descentralizado do Governo do Estado e da Secretaria para promover a preserva\u00e7\u00e3o dos recursos h\u00eddricos. &#8220;Estamos implantando essa pol\u00edtica descentralizada na gest\u00e3o ambiental, saindo cada vez mais de Palmas para executarmos todas as a\u00e7\u00f5es que dizem respeito ao plano de preserva\u00e7\u00e3o no Estado. Esse evento de hoje \u00e9 fruto dessa descentraliza\u00e7\u00e3o e nosso objetivo \u00e9 recuperar 350 hectares de \u00e1reas em voltas de nascentes e APPs no Tocantins&#8221;, disse.&nbsp;<\/p>\n\n\n\n<p>O diretor Municipal de Meio Ambiente, Diego Rocha, refor\u00e7ou a import\u00e2ncia do trabalho educativo para as crian\u00e7as, enfatizando que \u00e9 essencial que desde cedo elas aprendam sobre a import\u00e2ncia dos recursos h\u00eddricos e sua preserva\u00e7\u00e3o para o equil\u00edbrio do meio ambiente. &#8220;\u00c9 fundamental nessa fase de aprendizagem, as crian\u00e7as entenderem o papel da \u00e1gua no nosso dia a dia. Estamos com um trabalho voltado para o plantio de mudas e de recupera\u00e7\u00e3o das nascentes. J\u00e1 plantamos mais de 4 mil mudas nesta temporada de chuvas e vamos intensificar ainda mais. E as crian\u00e7as participando de forma pr\u00e1tica absorvem melhor o aprendizado e a consci\u00eancia de se preservar esse recurso t\u00e3o essencial em nossas vidas&#8221;, relatou.&nbsp;<\/p>\n\n\n\n<p>A presidente do Comit\u00ea das Bacias Hidrogr\u00e1ficas dos Rios Santo Ant\u00f4nio e Santa Tereza, Maria Cristina Bueno, explicou \u00e0s crian\u00e7as sobre a import\u00e2ncia das bacias hidrogr\u00e1ficas de forma l\u00fadica e interativa. Ela destacou a import\u00e2ncia do momento. &#8220;Desenvolvemos com os alunos atividades l\u00fadicas, explicando de forma simples como funciona preservar a qualidade e a quantidade de \u00e1gua no munic\u00edpio. Tamb\u00e9m temos um jogo did\u00e1tico para facilitar a intera\u00e7\u00e3o com eles e o Comit\u00ea realiza esse trabalho nas escolas em todos os munic\u00edpios que fazem parte das bacias do Santo Ant\u00f4nio e Santa Tereza, ensinando como atitudes simples s\u00e3o fundamentais para a preserva\u00e7\u00e3o&#8221;, comentou.<\/p>\n\n\n\n<p>Os alunos que participaram da programa\u00e7\u00e3o aprovaram as atividades pr\u00e1ticas, principalmente o plantio de mudas. &#8220;Foi muito bom, eu gostei bastante porque eu nunca tinha plantado uma \u00e1rvore assim t\u00e3o pr\u00f3ximo de uma nascente. Tomara que ela cres\u00e7a muito&#8221;, disse a aluna do 9\u00ba ano, Yanni C\u00e2mara da Silva, de 14 anos.&nbsp;<\/p>\n\n\n\n<p><\/p>\n\n\n\n<p><\/p>\n\n\n\n<p>A professora da turma, Neuzirene Santos, enfatizou a import\u00e2ncia da participa\u00e7\u00e3o dos alunos, para que eles possam contagiar a sociedade onde vivem e as futuras gera\u00e7\u00f5es com o conhecimento adquirido sobre preserva\u00e7\u00e3o. &#8220;\u00c9 muito importante pois a maioria desses alunos moram aqui nas proximidades. \u00c9 crucial que eles entendam a necessidade de preservar esse lugar e levar adiante esse sentimento para seus pais, vizinhos e a comunidade que vivem. Al\u00e9m disso, que aprendam ajudar na manuten\u00e7\u00e3o, limpeza e preserva\u00e7\u00e3o do parque, vigiando para prevenir sujeira, queimadas e evitando a destrui\u00e7\u00e3o do local&#8221;, disse.<\/p>\n\n\n\n<figure class=\"wp-block-image size-full\"><img loading=\"lazy\" decoding=\"async\" width=\"843\" height=\"251\" src=\"https:\/\/focotocantinense.com.br\/wp-content\/uploads\/2024\/03\/VINI_181-11.jpg\" alt=\"\" class=\"wp-image-7090\" srcset=\"https:\/\/focotocantinense.com.br\/wp-content\/uploads\/2024\/03\/VINI_181-11.jpg 843w, https:\/\/focotocantinense.com.br\/wp-content\/uploads\/2024\/03\/VINI_181-11-300x89.jpg 300w, https:\/\/focotocantinense.com.br\/wp-content\/uploads\/2024\/03\/VINI_181-11-768x229.jpg 768w\" sizes=\"auto, (max-width: 843px) 100vw, 843px\" \/><\/figure>\n\n\n\n<p><\/p>\n\n\n\n<figure class=\"wp-block-image size-full is-resized\"><img loading=\"lazy\" decoding=\"async\" width=\"777\" height=\"504\" src=\"https:\/\/focotocantinense.com.br\/wp-content\/uploads\/2024\/03\/AAAA-1.jpg\" alt=\"\" class=\"wp-image-7088\" style=\"width:838px;height:auto\" srcset=\"https:\/\/focotocantinense.com.br\/wp-content\/uploads\/2024\/03\/AAAA-1.jpg 777w, https:\/\/focotocantinense.com.br\/wp-content\/uploads\/2024\/03\/AAAA-1-300x195.jpg 300w, https:\/\/focotocantinense.com.br\/wp-content\/uploads\/2024\/03\/AAAA-1-768x498.jpg 768w\" sizes=\"auto, (max-width: 777px) 100vw, 777px\" \/><\/figure>\n","protected":false},"excerpt":{"rendered":"<p>Na manh\u00e3 desta sexta-feira, 15, a Prefeitura de Gurupi, por meio da Secretaria Municipal de Desenvolvimento Econ\u00f4mico e Meio Ambiente, realizou uma s\u00e9rie de atividades em celebra\u00e7\u00e3o ao Dia Mundial da \u00c1gua, comemorado em 22 de mar\u00e7o. A iniciativa buscou conscientizar alunos da rede municipal sobre a import\u00e2ncia da preserva\u00e7\u00e3o dos recursos h\u00eddricos e promover &hellip;<\/p>\n","protected":false},"author":5,"featured_media":7087,"comment_status":"open","ping_status":"open","sticky":false,"template":"","format":"standard","meta":{"footnotes":""},"categories":[38],"tags":[],"class_list":["post-7086","post","type-post","status-publish","format-standard","has-post-thumbnail","","category-gurupi"],"_links":{"self":[{"href":"https:\/\/focotocantinense.com.br\/index.php?rest_route=\/wp\/v2\/posts\/7086","targetHints":{"allow":["GET"]}}],"collection":[{"href":"https:\/\/focotocantinense.com.br\/index.php?rest_route=\/wp\/v2\/posts"}],"about":[{"href":"https:\/\/focotocantinense.com.br\/index.php?rest_route=\/wp\/v2\/types\/post"}],"author":[{"embeddable":true,"href":"https:\/\/focotocantinense.com.br\/index.php?rest_route=\/wp\/v2\/users\/5"}],"replies":[{"embeddable":true,"href":"https:\/\/focotocantinense.com.br\/index.php?rest_route=%2Fwp%2Fv2%2Fcomments&post=7086"}],"version-history":[{"count":2,"href":"https:\/\/focotocantinense.com.br\/index.php?rest_route=\/wp\/v2\/posts\/7086\/revisions"}],"predecessor-version":[{"id":7091,"href":"https:\/\/focotocantinense.com.br\/index.php?rest_route=\/wp\/v2\/posts\/7086\/revisions\/7091"}],"wp:featuredmedia":[{"embeddable":true,"href":"https:\/\/focotocantinense.com.br\/index.php?rest_route=\/wp\/v2\/media\/7087"}],"wp:attachment":[{"href":"https:\/\/focotocantinense.com.br\/index.php?rest_route=%2Fwp%2Fv2%2Fmedia&parent=7086"}],"wp:term":[{"taxonomy":"category","embeddable":true,"href":"https:\/\/focotocantinense.com.br\/index.php?rest_route=%2Fwp%2Fv2%2Fcategories&post=7086"},{"taxonomy":"post_tag","embeddable":true,"href":"https:\/\/focotocantinense.com.br\/index.php?rest_route=%2Fwp%2Fv2%2Ftags&post=7086"}],"curies":[{"name":"wp","href":"https:\/\/api.w.org\/{rel}","templated":true}]}}