{"id":7081,"date":"2024-03-17T15:54:30","date_gmt":"2024-03-17T18:54:30","guid":{"rendered":"https:\/\/focotocantinense.com.br\/?p=7081"},"modified":"2024-03-17T16:43:35","modified_gmt":"2024-03-17T19:43:35","slug":"josue-gomes-e-bem-recebido-no-psd-de-eduardo-fortes-e-coloca-o-seu-nome-como-pre-candidato-a-vereador","status":"publish","type":"post","link":"https:\/\/focotocantinense.com.br\/?p=7081","title":{"rendered":"Josu\u00e9 Gomes \u00e9 bem recebido no PSD de Eduardo Fortes e coloca o seu nome como pr\u00e9-candidato a vereador"},"content":{"rendered":"\n<p><strong>Por: Zacarias Martins<\/strong><\/p>\n\n\n\n<p>Tendo o aval do deputado estadual Eduardo Fortes, o PSD de Gurupi recebeu a filia\u00e7\u00e3o do policial civil Josu\u00e9 Gomes, na manh\u00e3 deste domingo, dia 17.<\/p>\n\n\n\n<p>Filho do Pastor Jo\u00e3o Gomes da Silva, da Assembleia de Deus &#8211; Minist\u00e9rio Madureira, Josu\u00e9 Gomes faz a sua estreia no mundo pol\u00edtico como pr\u00e9-candidato a vereador pela legenda e disse que est\u00e1 com a firme determina\u00e7\u00e3o para&nbsp; desenvolver um servi\u00e7o mais abrangente em favor da comunidade gurupiense, por isso colocou o seu nome \u00e0 disposi\u00e7\u00e3o do partido para concorrer a uma vaga ao Legislativo da cidade.<\/p>\n\n\n\n<p>Josu\u00e9 Gomes disse que chega ao PSD para somar esfor\u00e7os junto ao deputado Eduardo Fortes como alternativa\u00a0 para uma proposta pol\u00edtica diferenciada, que se identifique verdadeiramente com os anseios dos gurupienses.<\/p>\n\n\n\n<p>J\u00e1 o deputado Eduardo Fortes disse que recebia a filia\u00e7\u00e3o de Josu\u00e9 Gomes com grande alegria. Segundo o deputado, Josu\u00e9 chega em boa hora ao partido, especialmente neste momento em que o PSD est\u00e1 estudando os nomes&nbsp; para&nbsp; compor a chapa &nbsp;que est\u00e1 sendo montada para vereador e que tenha grande possibilidade de vit\u00f3ria. \u201cE o Josu\u00e9 Gomes \u00e9 um desses nomes que o PSD passa a contar a partir de agora&nbsp; para que possamos apresentar uma chapa&nbsp; bem competitiva\u201d, destacou o deputado.<\/p>\n\n\n\n<figure class=\"wp-block-image size-large is-resized\"><img loading=\"lazy\" decoding=\"async\" width=\"768\" height=\"1024\" src=\"https:\/\/focotocantinense.com.br\/wp-content\/uploads\/2024\/03\/Josue-Gomes-se-filia-no-PSD-do-deputado-Eduardo-Fortes-foto-Zacarias-Martins-768x1024.jpg\" alt=\"\" class=\"wp-image-7083\" style=\"width:403px;height:auto\" srcset=\"https:\/\/focotocantinense.com.br\/wp-content\/uploads\/2024\/03\/Josue-Gomes-se-filia-no-PSD-do-deputado-Eduardo-Fortes-foto-Zacarias-Martins-768x1024.jpg 768w, https:\/\/focotocantinense.com.br\/wp-content\/uploads\/2024\/03\/Josue-Gomes-se-filia-no-PSD-do-deputado-Eduardo-Fortes-foto-Zacarias-Martins-225x300.jpg 225w, https:\/\/focotocantinense.com.br\/wp-content\/uploads\/2024\/03\/Josue-Gomes-se-filia-no-PSD-do-deputado-Eduardo-Fortes-foto-Zacarias-Martins.jpg 960w\" sizes=\"auto, (max-width: 768px) 100vw, 768px\" \/><\/figure>\n\n\n\n<p><\/p>\n\n\n\n<p><\/p>\n\n\n\n<figure class=\"wp-block-image size-full\"><img loading=\"lazy\" decoding=\"async\" width=\"843\" height=\"251\" src=\"https:\/\/focotocantinense.com.br\/wp-content\/uploads\/2024\/03\/VINI_181-10.jpg\" alt=\"\" class=\"wp-image-7082\" srcset=\"https:\/\/focotocantinense.com.br\/wp-content\/uploads\/2024\/03\/VINI_181-10.jpg 843w, https:\/\/focotocantinense.com.br\/wp-content\/uploads\/2024\/03\/VINI_181-10-300x89.jpg 300w, https:\/\/focotocantinense.com.br\/wp-content\/uploads\/2024\/03\/VINI_181-10-768x229.jpg 768w\" sizes=\"auto, (max-width: 843px) 100vw, 843px\" \/><\/figure>\n","protected":false},"excerpt":{"rendered":"<p>Por: Zacarias Martins Tendo o aval do deputado estadual Eduardo Fortes, o PSD de Gurupi recebeu a filia\u00e7\u00e3o do policial civil Josu\u00e9 Gomes, na manh\u00e3 deste domingo, dia 17. Filho do Pastor Jo\u00e3o Gomes da Silva, da Assembleia de Deus &#8211; Minist\u00e9rio Madureira, Josu\u00e9 Gomes faz a sua estreia no mundo pol\u00edtico como pr\u00e9-candidato a &hellip;<\/p>\n","protected":false},"author":5,"featured_media":7085,"comment_status":"open","ping_status":"open","sticky":false,"template":"","format":"standard","meta":{"footnotes":""},"categories":[40,1],"tags":[],"class_list":["post-7081","post","type-post","status-publish","format-standard","has-post-thumbnail","","category-politica","category-sem-categoria"],"_links":{"self":[{"href":"https:\/\/focotocantinense.com.br\/index.php?rest_route=\/wp\/v2\/posts\/7081","targetHints":{"allow":["GET"]}}],"collection":[{"href":"https:\/\/focotocantinense.com.br\/index.php?rest_route=\/wp\/v2\/posts"}],"about":[{"href":"https:\/\/focotocantinense.com.br\/index.php?rest_route=\/wp\/v2\/types\/post"}],"author":[{"embeddable":true,"href":"https:\/\/focotocantinense.com.br\/index.php?rest_route=\/wp\/v2\/users\/5"}],"replies":[{"embeddable":true,"href":"https:\/\/focotocantinense.com.br\/index.php?rest_route=%2Fwp%2Fv2%2Fcomments&post=7081"}],"version-history":[{"count":2,"href":"https:\/\/focotocantinense.com.br\/index.php?rest_route=\/wp\/v2\/posts\/7081\/revisions"}],"predecessor-version":[{"id":7102,"href":"https:\/\/focotocantinense.com.br\/index.php?rest_route=\/wp\/v2\/posts\/7081\/revisions\/7102"}],"wp:featuredmedia":[{"embeddable":true,"href":"https:\/\/focotocantinense.com.br\/index.php?rest_route=\/wp\/v2\/media\/7085"}],"wp:attachment":[{"href":"https:\/\/focotocantinense.com.br\/index.php?rest_route=%2Fwp%2Fv2%2Fmedia&parent=7081"}],"wp:term":[{"taxonomy":"category","embeddable":true,"href":"https:\/\/focotocantinense.com.br\/index.php?rest_route=%2Fwp%2Fv2%2Fcategories&post=7081"},{"taxonomy":"post_tag","embeddable":true,"href":"https:\/\/focotocantinense.com.br\/index.php?rest_route=%2Fwp%2Fv2%2Ftags&post=7081"}],"curies":[{"name":"wp","href":"https:\/\/api.w.org\/{rel}","templated":true}]}}