{"id":7075,"date":"2024-03-15T20:56:39","date_gmt":"2024-03-15T23:56:39","guid":{"rendered":"https:\/\/focotocantinense.com.br\/?p=7075"},"modified":"2024-03-15T20:59:25","modified_gmt":"2024-03-15T23:59:25","slug":"terceira-audiencia-publica-para-a-execucao-na-pnab-reune-gestao-municipal-e-artistas-de-gurupi","status":"publish","type":"post","link":"https:\/\/focotocantinense.com.br\/?p=7075","title":{"rendered":"Terceira audi\u00eancia p\u00fablica para a execu\u00e7\u00e3o na PNAB re\u00fane gest\u00e3o municipal e artistas de Gurupi"},"content":{"rendered":"\n<p>No terceiro dia do cronograma estipulado pela Secretaria da Cultura (Secult) para atender \u00e0s demandas dos agentes culturais para Pol\u00edtica Nacional Aldir Blanc (PNAB), a equipe da pasta esteve na cidade de Gurupi na quinta-feira, 14. A audi\u00eancia p\u00fablica aconteceu na C\u00e2mara Municipal e contou com a participa\u00e7\u00e3o do secret\u00e1rio da Cultura Ti\u00e3o Pinheiro, da prefeita de Gurupi, Josi Nunes, da superintendente de Fomento e Incentivo \u00e0 Cultura, K\u00e1tia Maia Flores, da secret\u00e1ria municipal de Cultura e Turismo, Liliane Pagliarini, al\u00e9m da classe art\u00edstica e comunidade em geral.<\/p>\n\n\n\n<p>O secret\u00e1rio Ti\u00e3o Pinheiro falou sobre a import\u00e2ncia das audi\u00eancias p\u00fablicas para uma participa\u00e7\u00e3o efetiva da sociedade civil e fazedores de cultura. \u201cAs sugest\u00f5es e apontamentos colhidos nesses encontros ser\u00e3o fundamentais para embasar os gestores federais, estaduais e municipais na elabora\u00e7\u00e3o de editais e projetos&#8221;, disse.<\/p>\n\n\n\n<p>&#8220;A Secretaria da Cultura est\u00e1 empenhada na execu\u00e7\u00e3o desses recursos que chegam ao Estado do Tocantins&#8221;, complementou a superintendente de Fomento e Incentivo \u00e0 Cultura, K\u00e1tia Maia Flores.&nbsp;<\/p>\n\n\n\n<p>Por sua vez, a prefeita Josi Nunes destacou o comprometimento da sua gest\u00e3o em fortalecer o setor cultural local, ao incentivar as inscri\u00e7\u00f5es em editais de fomento e intensificar o di\u00e1logo com a classe art\u00edstica para identificar demandas e construir melhorias de forma colaborativa. &#8220;Nossa gest\u00e3o tem como prioridade ouvir e atender \u00e0s necessidades da comunidade art\u00edstica, buscando sempre promover o desenvolvimento cultural em nossa cidade e na regi\u00e3o&#8221;, pontuou.<br>&nbsp;<\/p>\n\n\n\n<p>A secret\u00e1ria Municipal de Cultura e Turismo, Liliane Pagliarini, refor\u00e7ou sobre a relev\u00e2ncia do debate descentralizado e agradeceu os fazedores de cultura locais pela participa\u00e7\u00e3o. \u201cFoi um momento importante para nossa classe art\u00edstica expor seus anseios e demandas em um espa\u00e7o de debate construtivo. Agrade\u00e7o a cada um que esteve aqui, pois nossa participa\u00e7\u00e3o \u00e9 fundamental para alcan\u00e7armos as melhorias que o setor merece &#8220;, completou.<\/p>\n\n\n\n<p>Durante o encontro, estiveram presentes moradores dos munic\u00edpios de Gurupi, Aragua\u00e7u, Palmeir\u00f3polis, Peixe e Formoso do Araguaia, o que somou mais de 50 credenciados, divididos entre fazedores de cultura e gestores p\u00fablicos. Na audi\u00eancia, os participantes pontuaram sobre a descentraliza\u00e7\u00e3o dos recursos, estreitamento de rela\u00e7\u00f5es institucionais entre o poder p\u00fablico municipal, estadual e sociedade civil, al\u00e9m de cursos de capacita\u00e7\u00f5es em produ\u00e7\u00e3o audiovisual e na elabora\u00e7\u00e3o de projetos para capta\u00e7\u00e3o de recursos financeiros.&nbsp;<\/p>\n\n\n\n<p>&#8220;Essas audi\u00eancias s\u00e3o de extrema import\u00e2ncia para o processo de escuta e di\u00e1logo com a comunidade. \u00c9 necess\u00e1ria a participa\u00e7\u00e3o de quem faz cultura de fato, para poder esclarecer d\u00favidas, adquirir informa\u00e7\u00f5es e ser ouvido&#8221;, afirmou Lucas Rezende, produtor cultural na cidade de Gurupi.&nbsp;<br>&nbsp;<\/p>\n\n\n\n<p>Almirani Dias Batista \u00e9 secret\u00e1ria da Cultura e Turismo do munic\u00edpio de Peixe e explicou que sua participa\u00e7\u00e3o no evento engrandeceu ainda mais o trabalho da pasta. &#8220;Este momento veio expandir ainda mais o nosso trabalho na cultura local e tamb\u00e9m levar ao nosso fazedor de cultura maiores esclarecimentos sobre a utiliza\u00e7\u00e3o dos recursos da PNAB&#8221;, completou.&nbsp;<\/p>\n\n\n\n<p>O presidente da Associa\u00e7\u00e3o dos Compositores e M\u00fasicos de Gurupi (Ascomg), Paulo Teixeira, tamb\u00e9m comentou sobre o momento de escuta que as audi\u00eancias promovem.&nbsp; \u201cA escuta p\u00fablica faz com que as informa\u00e7\u00f5es pertinentes aos editais cheguem aos artistas que residem nos munic\u00edpios do interior do Estado, sendo tamb\u00e9m que \u00e9 a chance de todas as classes art\u00edsticas exporem suas necessidades. Dessa forma, a Secretaria de Cultura pode conduzir as pol\u00edticas p\u00fablicas de uma forma mais inclusiva, visando atender as necessidades de toda classe\u201d, disse.&nbsp;<\/p>\n\n\n\n<p>Nesta sexta-feira, 15, a Secretaria da Cultura seguiu o cronograma das audi\u00eancias p\u00fablicas no munic\u00edpio de Arraias e finaliza a etapa na pr\u00f3xima sexta-feira, 22, na capital Palmas.<\/p>\n\n\n\n<p><img decoding=\"async\" src=\"https:\/\/central.to.gov.br\/image\/369020?w=670&amp;h=383\"><\/p>\n\n\n\n<p><strong><em>Secret\u00e1rio da Cultura, Ti\u00e3o Pinheiro, e a prefeita de Gurupi, Josi Nunes, durante o evento &#8211; Kadu Souza\/ Governo do Tocantins\u00a0<\/em><\/strong><\/p>\n\n\n\n<p><img decoding=\"async\" src=\"https:\/\/central.to.gov.br\/image\/369023?w=670&amp;h=383\"><\/p>\n\n\n\n<p><strong><em>Audi\u00eancia p\u00fablica aconteceu na C\u00e2mara Municipal de Gurupi &#8211; Kadu Souza\/ Governo do Tocantins\u00a0<\/em><\/strong><\/p>\n\n\n\n<p><img decoding=\"async\" src=\"https:\/\/central.to.gov.br\/image\/369022?w=670&amp;h=383\"><\/p>\n\n\n\n<p><strong><em>Durante o encontro, estiveram presentes moradores dos munic\u00edpios de Gurupi, Aragua\u00e7u, Palmeir\u00f3polis, Peixe e Formoso do Araguaia, o que somou mais de 50 credenciados, divididos entre fazedores de cultura e gestores p\u00fablicos &#8211; Kadu Souza\/ Governo do Tocantins\u00a0<\/em><\/strong><\/p>\n\n\n\n<figure class=\"wp-block-image\"><img decoding=\"async\" src=\"https:\/\/central.to.gov.br\/image\/369021?w=670&amp;h=383\" alt=\"\"\/><\/figure>\n\n\n\n<p><em><strong>O cronograma das audi\u00eancias p\u00fablicas foi estipulado pela Secretaria da Cultura (Secult) para atender \u00e0s demandas dos agentes culturais para Pol\u00edtica Nacional Aldir Blanc (PNAB) &#8211; Kadu Souza\/ Governo do Tocantins<\/strong><\/em><\/p>\n\n\n\n<figure class=\"wp-block-image size-full\"><img loading=\"lazy\" decoding=\"async\" width=\"843\" height=\"251\" src=\"https:\/\/focotocantinense.com.br\/wp-content\/uploads\/2024\/03\/VINI_181-9.jpg\" alt=\"\" class=\"wp-image-7064\" srcset=\"https:\/\/focotocantinense.com.br\/wp-content\/uploads\/2024\/03\/VINI_181-9.jpg 843w, https:\/\/focotocantinense.com.br\/wp-content\/uploads\/2024\/03\/VINI_181-9-300x89.jpg 300w, https:\/\/focotocantinense.com.br\/wp-content\/uploads\/2024\/03\/VINI_181-9-768x229.jpg 768w\" sizes=\"auto, (max-width: 843px) 100vw, 843px\" \/><\/figure>\n","protected":false},"excerpt":{"rendered":"<p>No terceiro dia do cronograma estipulado pela Secretaria da Cultura (Secult) para atender \u00e0s demandas dos agentes culturais para Pol\u00edtica Nacional Aldir Blanc (PNAB), a equipe da pasta esteve na cidade de Gurupi na quinta-feira, 14. A audi\u00eancia p\u00fablica aconteceu na C\u00e2mara Municipal e contou com a participa\u00e7\u00e3o do secret\u00e1rio da Cultura Ti\u00e3o Pinheiro, da &hellip;<\/p>\n","protected":false},"author":5,"featured_media":7076,"comment_status":"open","ping_status":"open","sticky":false,"template":"","format":"standard","meta":{"footnotes":""},"categories":[38],"tags":[],"class_list":["post-7075","post","type-post","status-publish","format-standard","has-post-thumbnail","","category-gurupi"],"_links":{"self":[{"href":"https:\/\/focotocantinense.com.br\/index.php?rest_route=\/wp\/v2\/posts\/7075","targetHints":{"allow":["GET"]}}],"collection":[{"href":"https:\/\/focotocantinense.com.br\/index.php?rest_route=\/wp\/v2\/posts"}],"about":[{"href":"https:\/\/focotocantinense.com.br\/index.php?rest_route=\/wp\/v2\/types\/post"}],"author":[{"embeddable":true,"href":"https:\/\/focotocantinense.com.br\/index.php?rest_route=\/wp\/v2\/users\/5"}],"replies":[{"embeddable":true,"href":"https:\/\/focotocantinense.com.br\/index.php?rest_route=%2Fwp%2Fv2%2Fcomments&post=7075"}],"version-history":[{"count":3,"href":"https:\/\/focotocantinense.com.br\/index.php?rest_route=\/wp\/v2\/posts\/7075\/revisions"}],"predecessor-version":[{"id":7079,"href":"https:\/\/focotocantinense.com.br\/index.php?rest_route=\/wp\/v2\/posts\/7075\/revisions\/7079"}],"wp:featuredmedia":[{"embeddable":true,"href":"https:\/\/focotocantinense.com.br\/index.php?rest_route=\/wp\/v2\/media\/7076"}],"wp:attachment":[{"href":"https:\/\/focotocantinense.com.br\/index.php?rest_route=%2Fwp%2Fv2%2Fmedia&parent=7075"}],"wp:term":[{"taxonomy":"category","embeddable":true,"href":"https:\/\/focotocantinense.com.br\/index.php?rest_route=%2Fwp%2Fv2%2Fcategories&post=7075"},{"taxonomy":"post_tag","embeddable":true,"href":"https:\/\/focotocantinense.com.br\/index.php?rest_route=%2Fwp%2Fv2%2Ftags&post=7075"}],"curies":[{"name":"wp","href":"https:\/\/api.w.org\/{rel}","templated":true}]}}