{"id":706,"date":"2021-02-16T20:11:22","date_gmt":"2021-02-16T23:11:22","guid":{"rendered":"http:\/\/focotocantinense.com.br\/?p=706"},"modified":"2021-02-16T20:11:23","modified_gmt":"2021-02-16T23:11:23","slug":"a-trajetoria-do-jornalista-silverio-filho-contada-em-livro","status":"publish","type":"post","link":"https:\/\/focotocantinense.com.br\/?p=706","title":{"rendered":"A trajet\u00f3ria do jornalista Silv\u00e9rio Filho contada em livro"},"content":{"rendered":"\n<p>O empres\u00e1rio e jornalista gurupiense Silv\u00e9rio Filho, que dirige a Sil TV, da rede Band de Televis\u00e3o, continua comemorando o sucesso de seu primeiro livro autobiogr\u00e1fico&nbsp;<em>Uma hist\u00f3ria de supera\u00e7\u00e3o<\/em>, lan\u00e7ado, oficialmente, ainda no ano passado.<\/p>\n\n\n\n<p><strong>Despertar para a supera\u00e7\u00e3o<\/strong><\/p>\n\n\n\n<p>Na obra, Silv\u00e9rio Filho faz um registro dos momentos que considera mais marcantes de sua trajet\u00f3ria de vida. Entre&nbsp;eles, os desafios encontrados pelo caminho&nbsp;e o despertar para a supera\u00e7\u00e3o que o tornaram um empres\u00e1rio de sucesso na \u00e1rea da comunica\u00e7\u00e3o.<\/p>\n\n\n\n<p><strong>Acidente de carro<\/strong><\/p>\n\n\n\n<p>Um registro de Silv\u00e9rio Filho que chama mais a aten\u00e7\u00e3o foi &nbsp;o acidente automobil\u00edstico que sofreu, em 2018, e quase lhe tirou a vida. O acidente aconteceu na TO-080, numa curva antes de chegar a Monte Santo.<\/p>\n\n\n\n<p><strong>Passagem por quatro hospitais<\/strong><\/p>\n\n\n\n<p>O carro que dirigia saiu da pista e capotou&nbsp; v\u00e1rias vezes. Resultado: Silv\u00e9rio Filho fraturou cinco v\u00e9rtebras vitais (C1, C2, C3, C5 e C6), que poderiam ter-lhe ceifado a vida ou mesmo lhe deixado tetrapl\u00e9gico.&nbsp;Meses ap\u00f3s&nbsp; passar pelos hospitais de Para\u00edso do Tocantins, Gurupi, Goi\u00e2nia e S\u00e3o Paulo, finalmente, se recuperou do baque.<\/p>\n","protected":false},"excerpt":{"rendered":"<p>O empres\u00e1rio e jornalista gurupiense Silv\u00e9rio Filho, que dirige a Sil TV, da rede Band de Televis\u00e3o, continua comemorando o sucesso de seu primeiro livro autobiogr\u00e1fico&nbsp;Uma hist\u00f3ria de supera\u00e7\u00e3o, lan\u00e7ado, oficialmente, ainda no ano passado. Despertar para a supera\u00e7\u00e3o Na obra, Silv\u00e9rio Filho faz um registro dos momentos que considera mais marcantes de sua trajet\u00f3ria &hellip;<\/p>\n","protected":false},"author":1,"featured_media":707,"comment_status":"open","ping_status":"open","sticky":false,"template":"","format":"standard","meta":{"footnotes":""},"categories":[38,1],"tags":[],"class_list":["post-706","post","type-post","status-publish","format-standard","has-post-thumbnail","","category-gurupi","category-sem-categoria"],"_links":{"self":[{"href":"https:\/\/focotocantinense.com.br\/index.php?rest_route=\/wp\/v2\/posts\/706","targetHints":{"allow":["GET"]}}],"collection":[{"href":"https:\/\/focotocantinense.com.br\/index.php?rest_route=\/wp\/v2\/posts"}],"about":[{"href":"https:\/\/focotocantinense.com.br\/index.php?rest_route=\/wp\/v2\/types\/post"}],"author":[{"embeddable":true,"href":"https:\/\/focotocantinense.com.br\/index.php?rest_route=\/wp\/v2\/users\/1"}],"replies":[{"embeddable":true,"href":"https:\/\/focotocantinense.com.br\/index.php?rest_route=%2Fwp%2Fv2%2Fcomments&post=706"}],"version-history":[{"count":1,"href":"https:\/\/focotocantinense.com.br\/index.php?rest_route=\/wp\/v2\/posts\/706\/revisions"}],"predecessor-version":[{"id":708,"href":"https:\/\/focotocantinense.com.br\/index.php?rest_route=\/wp\/v2\/posts\/706\/revisions\/708"}],"wp:featuredmedia":[{"embeddable":true,"href":"https:\/\/focotocantinense.com.br\/index.php?rest_route=\/wp\/v2\/media\/707"}],"wp:attachment":[{"href":"https:\/\/focotocantinense.com.br\/index.php?rest_route=%2Fwp%2Fv2%2Fmedia&parent=706"}],"wp:term":[{"taxonomy":"category","embeddable":true,"href":"https:\/\/focotocantinense.com.br\/index.php?rest_route=%2Fwp%2Fv2%2Fcategories&post=706"},{"taxonomy":"post_tag","embeddable":true,"href":"https:\/\/focotocantinense.com.br\/index.php?rest_route=%2Fwp%2Fv2%2Ftags&post=706"}],"curies":[{"name":"wp","href":"https:\/\/api.w.org\/{rel}","templated":true}]}}