{"id":7050,"date":"2024-03-13T20:13:15","date_gmt":"2024-03-13T23:13:15","guid":{"rendered":"https:\/\/focotocantinense.com.br\/?p=7050"},"modified":"2024-03-13T20:22:29","modified_gmt":"2024-03-13T23:22:29","slug":"conselho-municipal-dos-direitos-da-crianca-e-do-adolescente-de-tocantinia-realiza-audiencia-publica","status":"publish","type":"post","link":"https:\/\/focotocantinense.com.br\/?p=7050","title":{"rendered":"Conselho Municipal dos Direitos da Crian\u00e7a e do Adolescente de Tocant\u00ednia realiza audi\u00eancia p\u00fablica"},"content":{"rendered":"\n<p>Em Tocant\u00ednia, o Conselho Municipal dos Direitos da Crian\u00e7a e do Adolescente (CMDCA), com a parceria da Prefeitura de Tocant\u00ednia por meio da Secretaria Municipal de Assist\u00eancia Social, promoveu na manh\u00e3 desta quarta-feira, 13, no Audit\u00f3rio do Col\u00e9gio Estadual Batista, uma audi\u00eancia p\u00fablica para debater o Plano Municipal de Atendimento Socioeducativo (PMAS).<\/p>\n\n\n\n<p>O plano tem como objetivo organizar, articular e ampliar todas as a\u00e7\u00f5es ofertadas pelas organiza\u00e7\u00f5es p\u00fablicas ao p\u00fablico infanto-juvenil, bem como identificar as grandes quest\u00f5es a serem enfrentadas e encaminhar propostas transformadoras das realidades de viola\u00e7\u00e3o dos direitos das crian\u00e7as e adolescentes.<\/p>\n\n\n\n<p>Na programa\u00e7\u00e3o do evento, teve apresenta\u00e7\u00e3o cultural, palestra sobre medidas socioeducativas e redes de prote\u00e7\u00e3o, ministrada pela psic\u00f3loga da UFT, professora Dr\u00aa Juliana Briazze.<\/p>\n\n\n\n<p>Todos os sistemas de garantia dos direitos da crian\u00e7a e do adolescente participam da constru\u00e7\u00e3o das propostas do plano.<\/p>\n\n\n\n<p>No evento estiveram presentes, a secret\u00e1ria de Assist\u00eancia Social S\u00e2mua Rosa, presidente do CMDCA, Domilto Santiago, Assistente Social R\u00e9gila Barbosa e representantes da Seguran\u00e7a P\u00fablica, Major Hallin e o Agente Nilvan.<\/p>\n\n\n\n<p>Para a secret\u00e1ria de Assist\u00eancia Social, S\u00e2mua Rosa, a expectativa \u00e9 que o plano cria propostas vi\u00e1veis e transformadoras nas pol\u00edticas p\u00fablicas, entre outras a\u00e7\u00f5es.<\/p>\n\n\n\n<p><strong>PMAS<\/strong><\/p>\n\n\n\n<p>O Plano Municipal de Atendimento Socioeducativo \u00e9 um instrumento normativo que nortear\u00e1 toda a pol\u00edtica municipal de atendimento \u00e0 crian\u00e7a e o adolescente do munic\u00edpio de Tocant\u00ednia.<\/p>\n\n\n\n<figure class=\"wp-block-image size-large is-resized\"><img loading=\"lazy\" decoding=\"async\" width=\"1024\" height=\"556\" src=\"https:\/\/focotocantinense.com.br\/wp-content\/uploads\/2024\/03\/11111-1-1024x556.jpg\" alt=\"\" class=\"wp-image-7055\" style=\"width:840px;height:auto\" srcset=\"https:\/\/focotocantinense.com.br\/wp-content\/uploads\/2024\/03\/11111-1-1024x556.jpg 1024w, https:\/\/focotocantinense.com.br\/wp-content\/uploads\/2024\/03\/11111-1-300x163.jpg 300w, https:\/\/focotocantinense.com.br\/wp-content\/uploads\/2024\/03\/11111-1-768x417.jpg 768w, https:\/\/focotocantinense.com.br\/wp-content\/uploads\/2024\/03\/11111-1-1536x834.jpg 1536w, https:\/\/focotocantinense.com.br\/wp-content\/uploads\/2024\/03\/11111-1.jpg 1600w\" sizes=\"auto, (max-width: 1024px) 100vw, 1024px\" \/><\/figure>\n\n\n\n<p><\/p>\n\n\n\n<figure class=\"wp-block-image size-large\"><img loading=\"lazy\" decoding=\"async\" width=\"1024\" height=\"604\" src=\"https:\/\/focotocantinense.com.br\/wp-content\/uploads\/2024\/03\/2222-1024x604.jpg\" alt=\"\" class=\"wp-image-7054\" srcset=\"https:\/\/focotocantinense.com.br\/wp-content\/uploads\/2024\/03\/2222-1024x604.jpg 1024w, https:\/\/focotocantinense.com.br\/wp-content\/uploads\/2024\/03\/2222-300x177.jpg 300w, https:\/\/focotocantinense.com.br\/wp-content\/uploads\/2024\/03\/2222-768x453.jpg 768w, https:\/\/focotocantinense.com.br\/wp-content\/uploads\/2024\/03\/2222-1536x905.jpg 1536w, https:\/\/focotocantinense.com.br\/wp-content\/uploads\/2024\/03\/2222.jpg 1600w\" sizes=\"auto, (max-width: 1024px) 100vw, 1024px\" \/><\/figure>\n\n\n\n<p><\/p>\n\n\n\n<figure class=\"wp-block-image size-large\"><img loading=\"lazy\" decoding=\"async\" width=\"1024\" height=\"643\" src=\"https:\/\/focotocantinense.com.br\/wp-content\/uploads\/2024\/03\/33333-1024x643.jpg\" alt=\"\" class=\"wp-image-7053\" srcset=\"https:\/\/focotocantinense.com.br\/wp-content\/uploads\/2024\/03\/33333-1024x643.jpg 1024w, https:\/\/focotocantinense.com.br\/wp-content\/uploads\/2024\/03\/33333-300x188.jpg 300w, https:\/\/focotocantinense.com.br\/wp-content\/uploads\/2024\/03\/33333-768x482.jpg 768w, https:\/\/focotocantinense.com.br\/wp-content\/uploads\/2024\/03\/33333-1536x964.jpg 1536w, https:\/\/focotocantinense.com.br\/wp-content\/uploads\/2024\/03\/33333.jpg 1600w\" sizes=\"auto, (max-width: 1024px) 100vw, 1024px\" \/><\/figure>\n\n\n\n<p><\/p>\n\n\n\n<figure class=\"wp-block-image size-large\"><img loading=\"lazy\" decoding=\"async\" width=\"1024\" height=\"687\" src=\"https:\/\/focotocantinense.com.br\/wp-content\/uploads\/2024\/03\/4444-1024x687.jpg\" alt=\"\" class=\"wp-image-7052\" srcset=\"https:\/\/focotocantinense.com.br\/wp-content\/uploads\/2024\/03\/4444-1024x687.jpg 1024w, https:\/\/focotocantinense.com.br\/wp-content\/uploads\/2024\/03\/4444-300x201.jpg 300w, https:\/\/focotocantinense.com.br\/wp-content\/uploads\/2024\/03\/4444-768x516.jpg 768w, https:\/\/focotocantinense.com.br\/wp-content\/uploads\/2024\/03\/4444-1536x1031.jpg 1536w, https:\/\/focotocantinense.com.br\/wp-content\/uploads\/2024\/03\/4444-110x75.jpg 110w, https:\/\/focotocantinense.com.br\/wp-content\/uploads\/2024\/03\/4444.jpg 1600w\" sizes=\"auto, (max-width: 1024px) 100vw, 1024px\" \/><\/figure>\n\n\n\n<p><\/p>\n\n\n\n<figure class=\"wp-block-image size-full\"><img loading=\"lazy\" decoding=\"async\" width=\"843\" height=\"251\" src=\"https:\/\/focotocantinense.com.br\/wp-content\/uploads\/2024\/03\/VINI_181-8.jpg\" alt=\"\" class=\"wp-image-7048\" srcset=\"https:\/\/focotocantinense.com.br\/wp-content\/uploads\/2024\/03\/VINI_181-8.jpg 843w, https:\/\/focotocantinense.com.br\/wp-content\/uploads\/2024\/03\/VINI_181-8-300x89.jpg 300w, https:\/\/focotocantinense.com.br\/wp-content\/uploads\/2024\/03\/VINI_181-8-768x229.jpg 768w\" sizes=\"auto, (max-width: 843px) 100vw, 843px\" \/><\/figure>\n","protected":false},"excerpt":{"rendered":"<p>Em Tocant\u00ednia, o Conselho Municipal dos Direitos da Crian\u00e7a e do Adolescente (CMDCA), com a parceria da Prefeitura de Tocant\u00ednia por meio da Secretaria Municipal de Assist\u00eancia Social, promoveu na manh\u00e3 desta quarta-feira, 13, no Audit\u00f3rio do Col\u00e9gio Estadual Batista, uma audi\u00eancia p\u00fablica para debater o Plano Municipal de Atendimento Socioeducativo (PMAS). O plano tem &hellip;<\/p>\n","protected":false},"author":5,"featured_media":7051,"comment_status":"open","ping_status":"open","sticky":false,"template":"","format":"standard","meta":{"footnotes":""},"categories":[78],"tags":[],"class_list":["post-7050","post","type-post","status-publish","format-standard","has-post-thumbnail","","category-tocantinia"],"_links":{"self":[{"href":"https:\/\/focotocantinense.com.br\/index.php?rest_route=\/wp\/v2\/posts\/7050","targetHints":{"allow":["GET"]}}],"collection":[{"href":"https:\/\/focotocantinense.com.br\/index.php?rest_route=\/wp\/v2\/posts"}],"about":[{"href":"https:\/\/focotocantinense.com.br\/index.php?rest_route=\/wp\/v2\/types\/post"}],"author":[{"embeddable":true,"href":"https:\/\/focotocantinense.com.br\/index.php?rest_route=\/wp\/v2\/users\/5"}],"replies":[{"embeddable":true,"href":"https:\/\/focotocantinense.com.br\/index.php?rest_route=%2Fwp%2Fv2%2Fcomments&post=7050"}],"version-history":[{"count":3,"href":"https:\/\/focotocantinense.com.br\/index.php?rest_route=\/wp\/v2\/posts\/7050\/revisions"}],"predecessor-version":[{"id":7059,"href":"https:\/\/focotocantinense.com.br\/index.php?rest_route=\/wp\/v2\/posts\/7050\/revisions\/7059"}],"wp:featuredmedia":[{"embeddable":true,"href":"https:\/\/focotocantinense.com.br\/index.php?rest_route=\/wp\/v2\/media\/7051"}],"wp:attachment":[{"href":"https:\/\/focotocantinense.com.br\/index.php?rest_route=%2Fwp%2Fv2%2Fmedia&parent=7050"}],"wp:term":[{"taxonomy":"category","embeddable":true,"href":"https:\/\/focotocantinense.com.br\/index.php?rest_route=%2Fwp%2Fv2%2Fcategories&post=7050"},{"taxonomy":"post_tag","embeddable":true,"href":"https:\/\/focotocantinense.com.br\/index.php?rest_route=%2Fwp%2Fv2%2Ftags&post=7050"}],"curies":[{"name":"wp","href":"https:\/\/api.w.org\/{rel}","templated":true}]}}