{"id":7046,"date":"2024-03-13T20:09:58","date_gmt":"2024-03-13T23:09:58","guid":{"rendered":"https:\/\/focotocantinense.com.br\/?p=7046"},"modified":"2024-03-13T20:09:58","modified_gmt":"2024-03-13T23:09:58","slug":"sebrae-promove-neste-sabado-a-10a-edicao-do-startup-day","status":"publish","type":"post","link":"https:\/\/focotocantinense.com.br\/?p=7046","title":{"rendered":"Sebrae promove neste s\u00e1bado a 10\u00aa edi\u00e7\u00e3o do Startup Day"},"content":{"rendered":"\n<p><\/p>\n\n\n\n<p>O Sebrae Tocantins realiza neste s\u00e1bado, 16, em oito cidades do Estado, a 10\u00b0 edi\u00e7\u00e3o do Startup Day. O evento, que ocorre simultaneamente nos outros estados do Pa\u00eds, estimula a capacidade de transformar pequenas ideias em grandes neg\u00f3cios.<\/p>\n\n\n\n<p>Os interessados em participar do Startup Day no Estado podem encontrar mais informa\u00e7\u00f5es e realizar inscri\u00e7\u00f5es por meio do site oficial do evento ou entrarem em contato com o Sebrae Tocantins.<\/p>\n\n\n\n<p>O evento tem como p\u00fablico-alvo startups em todos os momentos de maturidade: curiosidade, idea\u00e7\u00e3o, valida\u00e7\u00e3o, tra\u00e7\u00e3o, crescimento e escala. Os principais objetivos da iniciativa s\u00e3o fomentar o ecossistema inovador brasileiro, apresentar a experi\u00eancia Sebrae Startups de atendimento \u00e0s startups em todo o Brasil e empoderar os gestores em atua\u00e7\u00e3o regional.<\/p>\n\n\n\n<p>Adelice Novak, analista do Sebrae, informa que a programa\u00e7\u00e3o do Startup Day traz palestras com especialistas que v\u00e3o contribuir com novos modelos de neg\u00f3cios para estimular o novo comportamento de consumo. \u201cAs pessoas ainda acreditam que para ser uma startup \u00e9 necess\u00e1rio apresentar algo mirabolante, por\u00e9m, n\u00e3o \u00e9 verdade. A entrega de produtos ou servi\u00e7os tem que ser apenas inovadora e diferenciada, como por exemplo: fazer chegar ao seu cliente em dia, hora ou ocasi\u00e3o que seja o mais conveniente e confort\u00e1vel poss\u00edvel\u201d, explica.<\/p>\n\n\n\n<p>Ainda de acordo com a analista, as startups est\u00e3o sendo convidadas para ouvir tamb\u00e9m o poder p\u00fablico, al\u00e9m dos problemas empresariais existentes e, a partir dessa escuta elas s\u00e3o desafiadas a desenvolver produtos para solucionar problemas que podem ser operacionais, produtivos ou tecnol\u00f3gicos. \u201cEssa solu\u00e7\u00e3o pode ser local, desde que a ideia apresentada pelo empreendedor utilize ferramentas eficazes para a empesa\u201d, afirma.<\/p>\n\n\n\n<p>Rog\u00e9rio Ramos, diretor t\u00e9cnico do Sebrae Tocantins, argumenta que o startup Day prop\u00f5e uma programa\u00e7\u00e3o colaborativa, que busca atender \u00e0s demandas e necessidades do p\u00fablico que se interessa por esta \u00e1rea do empreendedorismo. \u201cO evento abrange as oito regionais do Estado, proporcionando oportunidades de networking, al\u00e9m de aprendizado e colabora\u00e7\u00e3o. \u00c9 uma oportunidade para reunir mentes criativas, compartilhar conhecimento e fortalecer o ecossistema de startups locais\u201d, corrobora.\u00a0<\/p>\n\n\n\n<figure class=\"wp-block-image size-full\"><img loading=\"lazy\" decoding=\"async\" width=\"519\" height=\"515\" src=\"https:\/\/focotocantinense.com.br\/wp-content\/uploads\/2024\/03\/KKKKKK.jpg\" alt=\"\" class=\"wp-image-7047\" srcset=\"https:\/\/focotocantinense.com.br\/wp-content\/uploads\/2024\/03\/KKKKKK.jpg 519w, https:\/\/focotocantinense.com.br\/wp-content\/uploads\/2024\/03\/KKKKKK-300x298.jpg 300w, https:\/\/focotocantinense.com.br\/wp-content\/uploads\/2024\/03\/KKKKKK-150x150.jpg 150w\" sizes=\"auto, (max-width: 519px) 100vw, 519px\" \/><\/figure>\n\n\n\n<p><\/p>\n\n\n\n<p><\/p>\n\n\n\n<figure class=\"wp-block-image size-full\"><img loading=\"lazy\" decoding=\"async\" width=\"843\" height=\"251\" src=\"https:\/\/focotocantinense.com.br\/wp-content\/uploads\/2024\/03\/VINI_181-8.jpg\" alt=\"\" class=\"wp-image-7048\" srcset=\"https:\/\/focotocantinense.com.br\/wp-content\/uploads\/2024\/03\/VINI_181-8.jpg 843w, https:\/\/focotocantinense.com.br\/wp-content\/uploads\/2024\/03\/VINI_181-8-300x89.jpg 300w, https:\/\/focotocantinense.com.br\/wp-content\/uploads\/2024\/03\/VINI_181-8-768x229.jpg 768w\" sizes=\"auto, (max-width: 843px) 100vw, 843px\" \/><\/figure>\n","protected":false},"excerpt":{"rendered":"<p>O Sebrae Tocantins realiza neste s\u00e1bado, 16, em oito cidades do Estado, a 10\u00b0 edi\u00e7\u00e3o do Startup Day. O evento, que ocorre simultaneamente nos outros estados do Pa\u00eds, estimula a capacidade de transformar pequenas ideias em grandes neg\u00f3cios. Os interessados em participar do Startup Day no Estado podem encontrar mais informa\u00e7\u00f5es e realizar inscri\u00e7\u00f5es por &hellip;<\/p>\n","protected":false},"author":5,"featured_media":7047,"comment_status":"open","ping_status":"open","sticky":false,"template":"","format":"standard","meta":{"footnotes":""},"categories":[1],"tags":[],"class_list":["post-7046","post","type-post","status-publish","format-standard","has-post-thumbnail","","category-sem-categoria"],"_links":{"self":[{"href":"https:\/\/focotocantinense.com.br\/index.php?rest_route=\/wp\/v2\/posts\/7046","targetHints":{"allow":["GET"]}}],"collection":[{"href":"https:\/\/focotocantinense.com.br\/index.php?rest_route=\/wp\/v2\/posts"}],"about":[{"href":"https:\/\/focotocantinense.com.br\/index.php?rest_route=\/wp\/v2\/types\/post"}],"author":[{"embeddable":true,"href":"https:\/\/focotocantinense.com.br\/index.php?rest_route=\/wp\/v2\/users\/5"}],"replies":[{"embeddable":true,"href":"https:\/\/focotocantinense.com.br\/index.php?rest_route=%2Fwp%2Fv2%2Fcomments&post=7046"}],"version-history":[{"count":1,"href":"https:\/\/focotocantinense.com.br\/index.php?rest_route=\/wp\/v2\/posts\/7046\/revisions"}],"predecessor-version":[{"id":7049,"href":"https:\/\/focotocantinense.com.br\/index.php?rest_route=\/wp\/v2\/posts\/7046\/revisions\/7049"}],"wp:featuredmedia":[{"embeddable":true,"href":"https:\/\/focotocantinense.com.br\/index.php?rest_route=\/wp\/v2\/media\/7047"}],"wp:attachment":[{"href":"https:\/\/focotocantinense.com.br\/index.php?rest_route=%2Fwp%2Fv2%2Fmedia&parent=7046"}],"wp:term":[{"taxonomy":"category","embeddable":true,"href":"https:\/\/focotocantinense.com.br\/index.php?rest_route=%2Fwp%2Fv2%2Fcategories&post=7046"},{"taxonomy":"post_tag","embeddable":true,"href":"https:\/\/focotocantinense.com.br\/index.php?rest_route=%2Fwp%2Fv2%2Ftags&post=7046"}],"curies":[{"name":"wp","href":"https:\/\/api.w.org\/{rel}","templated":true}]}}