{"id":7040,"date":"2024-03-13T13:34:52","date_gmt":"2024-03-13T16:34:52","guid":{"rendered":"https:\/\/focotocantinense.com.br\/?p=7040"},"modified":"2024-03-13T13:35:20","modified_gmt":"2024-03-13T16:35:20","slug":"roda-de-conversa-motivacional-movimenta-o-centro-de-referencia-do-projeto-leitura-viva-em-tocantinia","status":"publish","type":"post","link":"https:\/\/focotocantinense.com.br\/?p=7040","title":{"rendered":"Roda de conversa motivacional movimenta o Centro de Refer\u00eancia do Projeto Leitura Viva, em Tocant\u00ednia"},"content":{"rendered":"\n<p><strong>Por Zacarias Martins<\/strong><\/p>\n\n\n\n<p>Numa iniciativa da Secretaria Municipal de Educa\u00e7\u00e3o de Tocant\u00ednia \u2013 Semed, o Centro de Refer\u00eancia do Projeto Leitura Viva, localizado no centro da cidade, foi o palco escolhido para a realiza\u00e7\u00e3o de &nbsp;uma roda de conversa motivacional com o psic\u00f3logo Gustavo Gomes, na noite de ter\u00e7a-feira, 12.<\/p>\n\n\n\n<p>O evento contou com a participa\u00e7\u00e3o especial dos alunos da EJA (Educa\u00e7\u00e3o de Jovens e Adultos), bem como, da comunidade&nbsp; e de servidores da rede municipal de educa\u00e7\u00e3o.<\/p>\n\n\n\n<p>Gustavo Gomes explicou que&nbsp; a motiva\u00e7\u00e3o pessoal \u00e9 um elemento que d\u00e1 energia ao indiv\u00edduo para cumprir com suas tarefas, perseguir seus objetivos e transformar ideias em a\u00e7\u00e3o.<\/p>\n\n\n\n<p>\u201cCom essas caracter\u00edsticas podemos notar o qu\u00e3o essencial \u00e9 a motiva\u00e7\u00e3o em nossa vida, n\u00e3o apenas para no \u00e2mbito profissional, mas para nossas vidas de maneira geral. E poder conversar sobre esse tema com pessoas que j\u00e1 tem tanta experi\u00eancia de vida, me permite al\u00e9m de ofertar conhecimento, tamb\u00e9m ser ensinado\u201d, concluiu o psic\u00f3logo.<\/p>\n\n\n\n<figure class=\"wp-block-image size-large is-resized\"><img loading=\"lazy\" decoding=\"async\" width=\"1024\" height=\"672\" src=\"https:\/\/focotocantinense.com.br\/wp-content\/uploads\/2024\/03\/aaa-2-1024x672.jpg\" alt=\"\" class=\"wp-image-7041\" style=\"width:403px;height:auto\" srcset=\"https:\/\/focotocantinense.com.br\/wp-content\/uploads\/2024\/03\/aaa-2-1024x672.jpg 1024w, https:\/\/focotocantinense.com.br\/wp-content\/uploads\/2024\/03\/aaa-2-300x197.jpg 300w, https:\/\/focotocantinense.com.br\/wp-content\/uploads\/2024\/03\/aaa-2-768x504.jpg 768w, https:\/\/focotocantinense.com.br\/wp-content\/uploads\/2024\/03\/aaa-2-1536x1008.jpg 1536w, https:\/\/focotocantinense.com.br\/wp-content\/uploads\/2024\/03\/aaa-2.jpg 1600w\" sizes=\"auto, (max-width: 1024px) 100vw, 1024px\" \/><\/figure>\n\n\n\n<p><\/p>\n\n\n\n<figure class=\"wp-block-image size-large\"><img loading=\"lazy\" decoding=\"async\" width=\"1024\" height=\"647\" src=\"https:\/\/focotocantinense.com.br\/wp-content\/uploads\/2024\/03\/ccccc-1024x647.jpg\" alt=\"\" class=\"wp-image-7043\" srcset=\"https:\/\/focotocantinense.com.br\/wp-content\/uploads\/2024\/03\/ccccc-1024x647.jpg 1024w, https:\/\/focotocantinense.com.br\/wp-content\/uploads\/2024\/03\/ccccc-300x190.jpg 300w, https:\/\/focotocantinense.com.br\/wp-content\/uploads\/2024\/03\/ccccc-768x485.jpg 768w, https:\/\/focotocantinense.com.br\/wp-content\/uploads\/2024\/03\/ccccc-1536x971.jpg 1536w, https:\/\/focotocantinense.com.br\/wp-content\/uploads\/2024\/03\/ccccc.jpg 1600w\" sizes=\"auto, (max-width: 1024px) 100vw, 1024px\" \/><\/figure>\n\n\n\n<p><\/p>\n\n\n\n<figure class=\"wp-block-image size-large\"><img loading=\"lazy\" decoding=\"async\" width=\"1024\" height=\"646\" src=\"https:\/\/focotocantinense.com.br\/wp-content\/uploads\/2024\/03\/bbbb-3-1024x646.jpg\" alt=\"\" class=\"wp-image-7042\" srcset=\"https:\/\/focotocantinense.com.br\/wp-content\/uploads\/2024\/03\/bbbb-3-1024x646.jpg 1024w, https:\/\/focotocantinense.com.br\/wp-content\/uploads\/2024\/03\/bbbb-3-300x189.jpg 300w, https:\/\/focotocantinense.com.br\/wp-content\/uploads\/2024\/03\/bbbb-3-768x485.jpg 768w, https:\/\/focotocantinense.com.br\/wp-content\/uploads\/2024\/03\/bbbb-3-1536x970.jpg 1536w, https:\/\/focotocantinense.com.br\/wp-content\/uploads\/2024\/03\/bbbb-3.jpg 1600w\" sizes=\"auto, (max-width: 1024px) 100vw, 1024px\" \/><\/figure>\n\n\n\n<p><\/p>\n\n\n\n<figure class=\"wp-block-image size-full\"><img loading=\"lazy\" decoding=\"async\" width=\"843\" height=\"251\" src=\"https:\/\/focotocantinense.com.br\/wp-content\/uploads\/2024\/03\/VINI_181-6.jpg\" alt=\"\" class=\"wp-image-7026\" srcset=\"https:\/\/focotocantinense.com.br\/wp-content\/uploads\/2024\/03\/VINI_181-6.jpg 843w, https:\/\/focotocantinense.com.br\/wp-content\/uploads\/2024\/03\/VINI_181-6-300x89.jpg 300w, https:\/\/focotocantinense.com.br\/wp-content\/uploads\/2024\/03\/VINI_181-6-768x229.jpg 768w\" sizes=\"auto, (max-width: 843px) 100vw, 843px\" \/><\/figure>\n","protected":false},"excerpt":{"rendered":"<p>Por Zacarias Martins Numa iniciativa da Secretaria Municipal de Educa\u00e7\u00e3o de Tocant\u00ednia \u2013 Semed, o Centro de Refer\u00eancia do Projeto Leitura Viva, localizado no centro da cidade, foi o palco escolhido para a realiza\u00e7\u00e3o de &nbsp;uma roda de conversa motivacional com o psic\u00f3logo Gustavo Gomes, na noite de ter\u00e7a-feira, 12. O evento contou com a &hellip;<\/p>\n","protected":false},"author":5,"featured_media":7041,"comment_status":"open","ping_status":"open","sticky":false,"template":"","format":"standard","meta":{"footnotes":""},"categories":[78],"tags":[],"class_list":["post-7040","post","type-post","status-publish","format-standard","has-post-thumbnail","","category-tocantinia"],"_links":{"self":[{"href":"https:\/\/focotocantinense.com.br\/index.php?rest_route=\/wp\/v2\/posts\/7040","targetHints":{"allow":["GET"]}}],"collection":[{"href":"https:\/\/focotocantinense.com.br\/index.php?rest_route=\/wp\/v2\/posts"}],"about":[{"href":"https:\/\/focotocantinense.com.br\/index.php?rest_route=\/wp\/v2\/types\/post"}],"author":[{"embeddable":true,"href":"https:\/\/focotocantinense.com.br\/index.php?rest_route=\/wp\/v2\/users\/5"}],"replies":[{"embeddable":true,"href":"https:\/\/focotocantinense.com.br\/index.php?rest_route=%2Fwp%2Fv2%2Fcomments&post=7040"}],"version-history":[{"count":2,"href":"https:\/\/focotocantinense.com.br\/index.php?rest_route=\/wp\/v2\/posts\/7040\/revisions"}],"predecessor-version":[{"id":7045,"href":"https:\/\/focotocantinense.com.br\/index.php?rest_route=\/wp\/v2\/posts\/7040\/revisions\/7045"}],"wp:featuredmedia":[{"embeddable":true,"href":"https:\/\/focotocantinense.com.br\/index.php?rest_route=\/wp\/v2\/media\/7041"}],"wp:attachment":[{"href":"https:\/\/focotocantinense.com.br\/index.php?rest_route=%2Fwp%2Fv2%2Fmedia&parent=7040"}],"wp:term":[{"taxonomy":"category","embeddable":true,"href":"https:\/\/focotocantinense.com.br\/index.php?rest_route=%2Fwp%2Fv2%2Fcategories&post=7040"},{"taxonomy":"post_tag","embeddable":true,"href":"https:\/\/focotocantinense.com.br\/index.php?rest_route=%2Fwp%2Fv2%2Ftags&post=7040"}],"curies":[{"name":"wp","href":"https:\/\/api.w.org\/{rel}","templated":true}]}}