{"id":7029,"date":"2024-03-11T11:25:20","date_gmt":"2024-03-11T14:25:20","guid":{"rendered":"https:\/\/focotocantinense.com.br\/?p=7029"},"modified":"2024-03-11T11:26:46","modified_gmt":"2024-03-11T14:26:46","slug":"prefeitura-de-tocantinia-celebra-o-dia-internacional-da-mulher-com-programacao-movimentada","status":"publish","type":"post","link":"https:\/\/focotocantinense.com.br\/?p=7029","title":{"rendered":"Prefeitura de Tocant\u00ednia celebra o Dia Internacional da Mulher com programa\u00e7\u00e3o movimentada"},"content":{"rendered":"\n<p>A celebra\u00e7\u00e3o do Dia Internacional da Mulher teve programa\u00e7\u00e3o movimentada em Tocant\u00ednia, na sexta-feira, 08. A Prefeitura de Tocant\u00ednia, por meio da Secretaria Municipal de Assist\u00eancia Social e com parcerias de outras secretarias municipais, promoveu a Pedalada na Cidade.<\/p>\n\n\n\n<p>A concentra\u00e7\u00e3o dos ciclistas aconteceu na Academia da Sa\u00fade, localizada no Setor Aeroporto. Liderada pela primeira-dama S\u00e2mua Rosa, os ciclistas, a maioria do sexo feminino, sa\u00edram pedalando, percorrendo as principais ruas da cidade at\u00e9 a Pra\u00e7a Valperino Gomes, no centro.<\/p>\n\n\n\n<p>Nessa pra\u00e7a, as mulheres se juntaram com o p\u00fablico em geral que aguardavam a chegada do grupo da Pedalada para abrilhantar mais o dia festivo.<\/p>\n\n\n\n<p>Al\u00e9m da Pedalada, a programa\u00e7\u00e3o tamb\u00e9m contou com apresenta\u00e7\u00e3o teatral e aul\u00e3o no ritmo de Aero Hist, sob o comando do professor Domingos Miranda, que animou as mulheres que participaram do evento. Nos intervalos da dan\u00e7a, foram sorteados brindes para todas as mulheres presentes.<\/p>\n\n\n\n<p>A primeira-dama S\u00e2mua Rosa parabenizou todas as mulheres do munic\u00edpio e agradeceu ao prefeito Jo\u00e3o Alberto e aos colaboradores pela realiza\u00e7\u00e3o do evento t\u00e3o importante em homenagem \u00e0s mulheres.<\/p>\n\n\n\n<p>O prefeito Jo\u00e3o Alberto prestigiou o acontecimento e disse que agradecia a todas as mulheres, especialmente \u00e0s cidad\u00e3s tocantinienses, pela contribui\u00e7\u00e3o no desenvolvimento do munic\u00edpio com muito empenho e dedica\u00e7\u00e3o.<\/p>\n\n\n\n<p>\u201cMulher \u00e9 sin\u00f4nimo de for\u00e7a, luta e trabalho. Ela conquista cada vez mais o espa\u00e7o que merece na sociedade, sendo exemplo para filhos, esposos e profissionais de diversas \u00e1reas\u201d, afirmou o prefeito Jo\u00e3o Alberto.<\/p>\n\n\n\n<p>\u201cNa imagem da mulher encontramos o referencial para promo\u00e7\u00e3o de um mundo mais justo e mais humano. Por esse motivo, devemos parabeniz\u00e1-las constantemente pelo grande papel que desempenham na sociedade. Parab\u00e9ns \u00e0 todas as mulheres pela passagem dessem dia, mas lembrando que todo dia \u00e9 dia para se homenagear a mulher. Ela merece\u201d, finalizou o prefeito.<\/p>\n\n\n\n<figure class=\"wp-block-image size-large\"><img loading=\"lazy\" decoding=\"async\" width=\"1024\" height=\"682\" src=\"https:\/\/focotocantinense.com.br\/wp-content\/uploads\/2024\/03\/aaaaaaaaaaaaaaaaaaaaaa-1024x682.jpg\" alt=\"\" class=\"wp-image-7035\" srcset=\"https:\/\/focotocantinense.com.br\/wp-content\/uploads\/2024\/03\/aaaaaaaaaaaaaaaaaaaaaa-1024x682.jpg 1024w, https:\/\/focotocantinense.com.br\/wp-content\/uploads\/2024\/03\/aaaaaaaaaaaaaaaaaaaaaa-300x200.jpg 300w, https:\/\/focotocantinense.com.br\/wp-content\/uploads\/2024\/03\/aaaaaaaaaaaaaaaaaaaaaa-768x512.jpg 768w, https:\/\/focotocantinense.com.br\/wp-content\/uploads\/2024\/03\/aaaaaaaaaaaaaaaaaaaaaa-1536x1023.jpg 1536w, https:\/\/focotocantinense.com.br\/wp-content\/uploads\/2024\/03\/aaaaaaaaaaaaaaaaaaaaaa-310x205.jpg 310w, https:\/\/focotocantinense.com.br\/wp-content\/uploads\/2024\/03\/aaaaaaaaaaaaaaaaaaaaaa.jpg 1600w\" sizes=\"auto, (max-width: 1024px) 100vw, 1024px\" \/><\/figure>\n\n\n\n<p><\/p>\n\n\n\n<figure class=\"wp-block-image size-large\"><img loading=\"lazy\" decoding=\"async\" width=\"1024\" height=\"730\" src=\"https:\/\/focotocantinense.com.br\/wp-content\/uploads\/2024\/03\/bbbbbbbbbbbbbb-1024x730.jpg\" alt=\"\" class=\"wp-image-7034\" srcset=\"https:\/\/focotocantinense.com.br\/wp-content\/uploads\/2024\/03\/bbbbbbbbbbbbbb-1024x730.jpg 1024w, https:\/\/focotocantinense.com.br\/wp-content\/uploads\/2024\/03\/bbbbbbbbbbbbbb-300x214.jpg 300w, https:\/\/focotocantinense.com.br\/wp-content\/uploads\/2024\/03\/bbbbbbbbbbbbbb-768x547.jpg 768w, https:\/\/focotocantinense.com.br\/wp-content\/uploads\/2024\/03\/bbbbbbbbbbbbbb-1536x1094.jpg 1536w, https:\/\/focotocantinense.com.br\/wp-content\/uploads\/2024\/03\/bbbbbbbbbbbbbb.jpg 1600w\" sizes=\"auto, (max-width: 1024px) 100vw, 1024px\" \/><\/figure>\n\n\n\n<p><\/p>\n\n\n\n<figure class=\"wp-block-image size-large\"><img loading=\"lazy\" decoding=\"async\" width=\"1024\" height=\"838\" src=\"https:\/\/focotocantinense.com.br\/wp-content\/uploads\/2024\/03\/ccccccc-1024x838.jpg\" alt=\"\" class=\"wp-image-7033\" srcset=\"https:\/\/focotocantinense.com.br\/wp-content\/uploads\/2024\/03\/ccccccc-1024x838.jpg 1024w, https:\/\/focotocantinense.com.br\/wp-content\/uploads\/2024\/03\/ccccccc-300x246.jpg 300w, https:\/\/focotocantinense.com.br\/wp-content\/uploads\/2024\/03\/ccccccc-768x629.jpg 768w, https:\/\/focotocantinense.com.br\/wp-content\/uploads\/2024\/03\/ccccccc-1536x1258.jpg 1536w, https:\/\/focotocantinense.com.br\/wp-content\/uploads\/2024\/03\/ccccccc.jpg 1600w\" sizes=\"auto, (max-width: 1024px) 100vw, 1024px\" \/><\/figure>\n\n\n\n<p><\/p>\n\n\n\n<figure class=\"wp-block-image size-large\"><img loading=\"lazy\" decoding=\"async\" width=\"1024\" height=\"682\" src=\"https:\/\/focotocantinense.com.br\/wp-content\/uploads\/2024\/03\/ddddddddddddd-1024x682.jpg\" alt=\"\" class=\"wp-image-7032\" srcset=\"https:\/\/focotocantinense.com.br\/wp-content\/uploads\/2024\/03\/ddddddddddddd-1024x682.jpg 1024w, https:\/\/focotocantinense.com.br\/wp-content\/uploads\/2024\/03\/ddddddddddddd-300x200.jpg 300w, https:\/\/focotocantinense.com.br\/wp-content\/uploads\/2024\/03\/ddddddddddddd-768x512.jpg 768w, https:\/\/focotocantinense.com.br\/wp-content\/uploads\/2024\/03\/ddddddddddddd-1536x1023.jpg 1536w, https:\/\/focotocantinense.com.br\/wp-content\/uploads\/2024\/03\/ddddddddddddd-310x205.jpg 310w, https:\/\/focotocantinense.com.br\/wp-content\/uploads\/2024\/03\/ddddddddddddd.jpg 1600w\" sizes=\"auto, (max-width: 1024px) 100vw, 1024px\" \/><\/figure>\n\n\n\n<p><\/p>\n\n\n\n<figure class=\"wp-block-image size-large\"><img loading=\"lazy\" decoding=\"async\" width=\"1024\" height=\"659\" src=\"https:\/\/focotocantinense.com.br\/wp-content\/uploads\/2024\/03\/eeeeeeeeeeeeeee-1024x659.jpg\" alt=\"\" class=\"wp-image-7031\" srcset=\"https:\/\/focotocantinense.com.br\/wp-content\/uploads\/2024\/03\/eeeeeeeeeeeeeee-1024x659.jpg 1024w, https:\/\/focotocantinense.com.br\/wp-content\/uploads\/2024\/03\/eeeeeeeeeeeeeee-300x193.jpg 300w, https:\/\/focotocantinense.com.br\/wp-content\/uploads\/2024\/03\/eeeeeeeeeeeeeee-768x494.jpg 768w, https:\/\/focotocantinense.com.br\/wp-content\/uploads\/2024\/03\/eeeeeeeeeeeeeee-1536x988.jpg 1536w, https:\/\/focotocantinense.com.br\/wp-content\/uploads\/2024\/03\/eeeeeeeeeeeeeee.jpg 1600w\" sizes=\"auto, (max-width: 1024px) 100vw, 1024px\" \/><\/figure>\n\n\n\n<p><\/p>\n\n\n\n<figure class=\"wp-block-image size-full\"><img loading=\"lazy\" decoding=\"async\" width=\"843\" height=\"251\" src=\"https:\/\/focotocantinense.com.br\/wp-content\/uploads\/2024\/03\/VINI_181-7.jpg\" alt=\"\" class=\"wp-image-7030\" srcset=\"https:\/\/focotocantinense.com.br\/wp-content\/uploads\/2024\/03\/VINI_181-7.jpg 843w, https:\/\/focotocantinense.com.br\/wp-content\/uploads\/2024\/03\/VINI_181-7-300x89.jpg 300w, https:\/\/focotocantinense.com.br\/wp-content\/uploads\/2024\/03\/VINI_181-7-768x229.jpg 768w\" sizes=\"auto, (max-width: 843px) 100vw, 843px\" \/><\/figure>\n","protected":false},"excerpt":{"rendered":"<p>A celebra\u00e7\u00e3o do Dia Internacional da Mulher teve programa\u00e7\u00e3o movimentada em Tocant\u00ednia, na sexta-feira, 08. A Prefeitura de Tocant\u00ednia, por meio da Secretaria Municipal de Assist\u00eancia Social e com parcerias de outras secretarias municipais, promoveu a Pedalada na Cidade. A concentra\u00e7\u00e3o dos ciclistas aconteceu na Academia da Sa\u00fade, localizada no Setor Aeroporto. Liderada pela primeira-dama &hellip;<\/p>\n","protected":false},"author":5,"featured_media":7035,"comment_status":"open","ping_status":"open","sticky":false,"template":"","format":"standard","meta":{"footnotes":""},"categories":[1,78],"tags":[],"class_list":["post-7029","post","type-post","status-publish","format-standard","has-post-thumbnail","","category-sem-categoria","category-tocantinia"],"_links":{"self":[{"href":"https:\/\/focotocantinense.com.br\/index.php?rest_route=\/wp\/v2\/posts\/7029","targetHints":{"allow":["GET"]}}],"collection":[{"href":"https:\/\/focotocantinense.com.br\/index.php?rest_route=\/wp\/v2\/posts"}],"about":[{"href":"https:\/\/focotocantinense.com.br\/index.php?rest_route=\/wp\/v2\/types\/post"}],"author":[{"embeddable":true,"href":"https:\/\/focotocantinense.com.br\/index.php?rest_route=\/wp\/v2\/users\/5"}],"replies":[{"embeddable":true,"href":"https:\/\/focotocantinense.com.br\/index.php?rest_route=%2Fwp%2Fv2%2Fcomments&post=7029"}],"version-history":[{"count":1,"href":"https:\/\/focotocantinense.com.br\/index.php?rest_route=\/wp\/v2\/posts\/7029\/revisions"}],"predecessor-version":[{"id":7036,"href":"https:\/\/focotocantinense.com.br\/index.php?rest_route=\/wp\/v2\/posts\/7029\/revisions\/7036"}],"wp:featuredmedia":[{"embeddable":true,"href":"https:\/\/focotocantinense.com.br\/index.php?rest_route=\/wp\/v2\/media\/7035"}],"wp:attachment":[{"href":"https:\/\/focotocantinense.com.br\/index.php?rest_route=%2Fwp%2Fv2%2Fmedia&parent=7029"}],"wp:term":[{"taxonomy":"category","embeddable":true,"href":"https:\/\/focotocantinense.com.br\/index.php?rest_route=%2Fwp%2Fv2%2Fcategories&post=7029"},{"taxonomy":"post_tag","embeddable":true,"href":"https:\/\/focotocantinense.com.br\/index.php?rest_route=%2Fwp%2Fv2%2Ftags&post=7029"}],"curies":[{"name":"wp","href":"https:\/\/api.w.org\/{rel}","templated":true}]}}