{"id":7024,"date":"2024-03-10T19:04:27","date_gmt":"2024-03-10T22:04:27","guid":{"rendered":"https:\/\/focotocantinense.com.br\/?p=7024"},"modified":"2024-03-10T19:04:28","modified_gmt":"2024-03-10T22:04:28","slug":"prefeitura-de-gurupi-apresenta-a-comunidade-os-onibus-coletivos-e-servico-de-transporte-inicia-nesta-segunda-feira-11","status":"publish","type":"post","link":"https:\/\/focotocantinense.com.br\/?p=7024","title":{"rendered":"Prefeitura de Gurupi apresenta \u00e0 comunidade os \u00f4nibus coletivos e servi\u00e7o de transporte inicia nesta segunda-feira, 11"},"content":{"rendered":"\n<p><br>Na manh\u00e3 deste s\u00e1bado<strong>, 09,<\/strong>\u00a0a prefeita de Gurupi, Josi Nunes, e os vereadores apresentaram \u00e0 comunidade os \u00f4nibus que far\u00e3o o transporte coletivo. A frota percorreu v\u00e1rios bairros da cidade. O servi\u00e7o de transporte coletivo inicia a partir da pr\u00f3xima segunda-feira, 11. Os \u00f4nibus sair\u00e3o a partir das 06h do Centro de Integra\u00e7\u00e3o na rodovi\u00e1ria de Gurupi para iniciarem as rotas. Nesta semana, a Ag\u00eancia Municipal de Tr\u00e2nsito e Transportes (AMTT), juntamente com a empresa respons\u00e1vel pela presta\u00e7\u00e3o do servi\u00e7o, definiram as linhas e hor\u00e1rios de circula\u00e7\u00e3o, que v\u00e3o contemplar todas as regi\u00f5es do munic\u00edpio, incluindo bairros mais distantes como o setor Cidade Industrial.<br><br>A prefeita Josi Nunes destaca que o in\u00edcio do servi\u00e7o vai contribuir significativamente com a mobilidade urbana e atender as necessidades de quem necessita do transporte. &#8220;Nos \u00faltimos anos trabalhamos muito para retornar o servi\u00e7o de transporte coletivo e estou muito feliz em anunciar o in\u00edcio das atividades na pr\u00f3xima segunda-feira, 11. Sabemos que essa era uma das grandes demandas da nossa popula\u00e7\u00e3o e \u00e9 motivo de satisfa\u00e7\u00e3o poder atender esse anseio, cumprindo mais um compromisso firmado com a comunidade gurupiense, proporcionando alternativa de deslocamento para todos&#8221;, destacou.<br><br>Inicialmente, os servi\u00e7os ser\u00e3o oferecidos de forma gratuita durante os dois primeiros meses, em car\u00e1ter experimental, permitindo poss\u00edveis ajustes para melhor adapta\u00e7\u00e3o \u00e0s necessidades dos passageiros. O centro de integra\u00e7\u00e3o do transporte coletivo estar\u00e1 localizado junto \u00e0 rodovi\u00e1ria de Gurupi, servindo como ponto de partida e encontro dos ve\u00edculos.<br><br>As rotas ter\u00e3o in\u00edcio \u00e0s 06h, com previs\u00e3o de encerramento \u00e0s 23h. A empresa respons\u00e1vel estima um tempo m\u00e9dio de conclus\u00e3o de rota entre 1 hora e 40 minutos a 2 horas, partindo e retornando ao Centro de Integra\u00e7\u00e3o na rodovi\u00e1ria. No entanto, esse tempo poder\u00e1 ser ajustado conforme a demanda, tempo de parada em cada ponto e quantidade de passageiros.<br><br>Eduardo Baldini, presidente da AMTT, destaca que os primeiros dias ser\u00e3o de adapta\u00e7\u00f5es e que, durante os dois meses iniciais, ser\u00e3o feitos ajustes conforme as necessidades dos passageiros. &#8220;Estamos comprometidos em oferecer um servi\u00e7o de qualidade e que atenda \u00e0s expectativas da popula\u00e7\u00e3o de Gurupi, por isso estaremos atentos \u00e0s demandas dos usu\u00e1rios nos primeiros dias de opera\u00e7\u00e3o para que de forma colaborativa entre o poder p\u00fablico e a comunidade possamos ir fazendo as adequa\u00e7\u00f5es necess\u00e1rias&#8221;, ressaltou Baldini.<br><br>Para atender \u00e0s cinco rotas previstas, ser\u00e3o disponibilizados seis ve\u00edculos, sendo um deles reserva. Todos os \u00f4nibus estar\u00e3o equipados com ar-condicionado e ter\u00e3o capacidade para acomodar at\u00e9 48 passageiros, cumprindo os padr\u00f5es estabelecidos pela Prefeitura de Gurupi.<br><br><strong>Rotas<\/strong><br><br>Confira as rotas das cinco linhas do servi\u00e7o de transporte coletivo de Gurupi:<br><br>Linha Verde: Centro de Integra\u00e7\u00e3o (Rodovi\u00e1ria)\/Uni\u00e3o IV\/Novo Horizonte \/UFT\/Jardim Sevilha\/Parque Residencial S\u00e3o Paulo\/Casego\/ Vila Paulista\/S\u00e3o Jos\u00e9\/Aeroporto\/Jardim Tocantins\/Centro;<br><br>Linha Vermelha: Centro de Integra\u00e7\u00e3o(Rodovi\u00e1ria)\/Centro\/Pedroso\/Jardim Medeiros\/ Jardim dos Buritis\/ UnirG Campus 1\/Jo\u00e3o Lisboa\/Jardim Tropical;<br><br>Linha Azul: Centro de Integra\u00e7\u00e3o (Rodovi\u00e1ria)\/Waldir Lins\/Sol Nascente\/Vila Alagoana\/Parque das Ac\u00e1cias\/Campo Bello\/ Alto da Boa Vista;<br><br>Linha Amarela: Centro de Integra\u00e7\u00e3o (Rodovi\u00e1ria)\/Vila \u00cdris\/ Nova Fronteira\/Santa Rita\/Bela Vista\/Setor Madrid\/Alto dos Buritis;<br><br>Linha Roxa: Centro de Integra\u00e7\u00e3o (Rodovi\u00e1ria)\/Avenidas Maranh\u00e3o, Goi\u00e1s e Par\u00e1\/Parque Industrial &#8211; Setor Cidade Industrial.<\/p>\n\n\n\n<figure class=\"wp-block-image size-full\"><img loading=\"lazy\" decoding=\"async\" width=\"844\" height=\"521\" src=\"https:\/\/focotocantinense.com.br\/wp-content\/uploads\/2024\/03\/bbbb-2.jpg\" alt=\"\" class=\"wp-image-7027\" srcset=\"https:\/\/focotocantinense.com.br\/wp-content\/uploads\/2024\/03\/bbbb-2.jpg 844w, https:\/\/focotocantinense.com.br\/wp-content\/uploads\/2024\/03\/bbbb-2-300x185.jpg 300w, https:\/\/focotocantinense.com.br\/wp-content\/uploads\/2024\/03\/bbbb-2-768x474.jpg 768w\" sizes=\"auto, (max-width: 844px) 100vw, 844px\" \/><\/figure>\n\n\n\n<p><\/p>\n\n\n\n<figure class=\"wp-block-image size-full\"><img loading=\"lazy\" decoding=\"async\" width=\"962\" height=\"539\" src=\"https:\/\/focotocantinense.com.br\/wp-content\/uploads\/2024\/03\/AAA-1.jpg\" alt=\"\" class=\"wp-image-7025\" srcset=\"https:\/\/focotocantinense.com.br\/wp-content\/uploads\/2024\/03\/AAA-1.jpg 962w, https:\/\/focotocantinense.com.br\/wp-content\/uploads\/2024\/03\/AAA-1-300x168.jpg 300w, https:\/\/focotocantinense.com.br\/wp-content\/uploads\/2024\/03\/AAA-1-768x430.jpg 768w\" sizes=\"auto, (max-width: 962px) 100vw, 962px\" \/><\/figure>\n\n\n\n<p><\/p>\n\n\n\n<figure class=\"wp-block-image size-full\"><img loading=\"lazy\" decoding=\"async\" width=\"843\" height=\"251\" src=\"https:\/\/focotocantinense.com.br\/wp-content\/uploads\/2024\/03\/VINI_181-6.jpg\" alt=\"\" class=\"wp-image-7026\" srcset=\"https:\/\/focotocantinense.com.br\/wp-content\/uploads\/2024\/03\/VINI_181-6.jpg 843w, https:\/\/focotocantinense.com.br\/wp-content\/uploads\/2024\/03\/VINI_181-6-300x89.jpg 300w, https:\/\/focotocantinense.com.br\/wp-content\/uploads\/2024\/03\/VINI_181-6-768x229.jpg 768w\" sizes=\"auto, (max-width: 843px) 100vw, 843px\" \/><\/figure>\n","protected":false},"excerpt":{"rendered":"<p>Na manh\u00e3 deste s\u00e1bado, 09,\u00a0a prefeita de Gurupi, Josi Nunes, e os vereadores apresentaram \u00e0 comunidade os \u00f4nibus que far\u00e3o o transporte coletivo. A frota percorreu v\u00e1rios bairros da cidade. O servi\u00e7o de transporte coletivo inicia a partir da pr\u00f3xima segunda-feira, 11. Os \u00f4nibus sair\u00e3o a partir das 06h do Centro de Integra\u00e7\u00e3o na rodovi\u00e1ria &hellip;<\/p>\n","protected":false},"author":5,"featured_media":7025,"comment_status":"open","ping_status":"open","sticky":false,"template":"","format":"standard","meta":{"footnotes":""},"categories":[38],"tags":[],"class_list":["post-7024","post","type-post","status-publish","format-standard","has-post-thumbnail","","category-gurupi"],"_links":{"self":[{"href":"https:\/\/focotocantinense.com.br\/index.php?rest_route=\/wp\/v2\/posts\/7024","targetHints":{"allow":["GET"]}}],"collection":[{"href":"https:\/\/focotocantinense.com.br\/index.php?rest_route=\/wp\/v2\/posts"}],"about":[{"href":"https:\/\/focotocantinense.com.br\/index.php?rest_route=\/wp\/v2\/types\/post"}],"author":[{"embeddable":true,"href":"https:\/\/focotocantinense.com.br\/index.php?rest_route=\/wp\/v2\/users\/5"}],"replies":[{"embeddable":true,"href":"https:\/\/focotocantinense.com.br\/index.php?rest_route=%2Fwp%2Fv2%2Fcomments&post=7024"}],"version-history":[{"count":1,"href":"https:\/\/focotocantinense.com.br\/index.php?rest_route=\/wp\/v2\/posts\/7024\/revisions"}],"predecessor-version":[{"id":7028,"href":"https:\/\/focotocantinense.com.br\/index.php?rest_route=\/wp\/v2\/posts\/7024\/revisions\/7028"}],"wp:featuredmedia":[{"embeddable":true,"href":"https:\/\/focotocantinense.com.br\/index.php?rest_route=\/wp\/v2\/media\/7025"}],"wp:attachment":[{"href":"https:\/\/focotocantinense.com.br\/index.php?rest_route=%2Fwp%2Fv2%2Fmedia&parent=7024"}],"wp:term":[{"taxonomy":"category","embeddable":true,"href":"https:\/\/focotocantinense.com.br\/index.php?rest_route=%2Fwp%2Fv2%2Fcategories&post=7024"},{"taxonomy":"post_tag","embeddable":true,"href":"https:\/\/focotocantinense.com.br\/index.php?rest_route=%2Fwp%2Fv2%2Ftags&post=7024"}],"curies":[{"name":"wp","href":"https:\/\/api.w.org\/{rel}","templated":true}]}}