{"id":7020,"date":"2024-03-09T15:54:58","date_gmt":"2024-03-09T18:54:58","guid":{"rendered":"https:\/\/focotocantinense.com.br\/?p=7020"},"modified":"2024-03-09T15:54:58","modified_gmt":"2024-03-09T18:54:58","slug":"antonio-andrade-prestigia-entrega-de-notebooks-do-profe-digital-para-profissionais-da-rede-estadual-de-educacao-em-porto-nacional","status":"publish","type":"post","link":"https:\/\/focotocantinense.com.br\/?p=7020","title":{"rendered":"Antonio Andrade prestigia entrega de notebooks do Profe Digital para profissionais da rede estadual de educa\u00e7\u00e3o em Porto Nacional"},"content":{"rendered":"\n<p>O investimento no programa gira em torno de R$ 50 milh\u00f5es para promover a moderniza\u00e7\u00e3o tecnol\u00f3gica em todas as regionais de ensino<\/p>\n\n\n\n<p>Em uma noite marcada por compromisso e reconhecimento, foi realizada a entrega de notebooks aos profissionais da rede estadual de ensino em Porto Nacional.<\/p>\n\n\n\n<p>A entrega especial aconteceu nesta sexta-feira, 8, Dia Internacional da Mulher, na Escola Militar Cust\u00f3dia da Silva Pedreira, e foi acompanhada por professores, gestores das escolas, coordenadores, al\u00e9m de autoridades.<\/p>\n\n\n\n<p>Acompanhado do secret\u00e1rio de Estado da Educa\u00e7\u00e3o, F\u00e1bio Vaz, do superintendente da educa\u00e7\u00e3o, Edinho Fernandes e da superintendente regional de educa\u00e7\u00e3o, Araildes Almeida, Andrade, reafirmou seu compromisso com a educa\u00e7\u00e3o.<\/p>\n\n\n\n<p>\u201cEsse momento \u00e9 de fato muito importante, n\u00e3o \u00e9 apenas uma entrega de equipamentos tecnol\u00f3gicos, significa o fortalecimento de algo imprescind\u00edvel que \u00e9 a base de desenvolvimento para a sociedade, a educa\u00e7\u00e3o\u201d, explicou o deputado.<\/p>\n\n\n\n<p>Antonio Andrade, ainda destacou em seu discurso: \u201cO governador Wanderlei Barbosa e o secret\u00e1rio F\u00e1bio Vaz est\u00e3o de parab\u00e9ns por essa vis\u00e3o progressista da educa\u00e7\u00e3o, por isso, tem meu apoio incondicional. Enquanto deputado federal, destinei para o estado recursos na ordem de R$10 milh\u00f5es que ser\u00e3o investidos no setor. Estamos construindo um legado educacional transformador no Tocantins, garantindo um futuro brilhante para essa gera\u00e7\u00e3o e as futuras\u201d, concluiu o parlamentar.<\/p>\n\n\n\n<p>Na ocasi\u00e3o, o secret\u00e1rio de Estado da Educa\u00e7\u00e3o, F\u00e1bio Vaz, ressaltou que a entrega dos computadores beneficia diretamente os professores e os alunos, pois, a ferramenta ir\u00e1 possibilitar um salto qualitativo no processo de ensino aprendizagem, trazendo inova\u00e7\u00e3o e tecnologia avan\u00e7ada para as pr\u00e1ticas pedag\u00f3gicas no ensino p\u00fablico do Tocantins.<\/p>\n\n\n\n<p>Por fim, F\u00e1bio Vaz agradeceu a parceria com o deputado Antonio Andrade em prol da educa\u00e7\u00e3o. \u201cAntonio Andrade \u00e9 um grande parceiro, agrade\u00e7o imensamente seu empenho em contribuir para melhor qualidade de ensino em todo nosso estado, investindo nos estudantes e valorizando os profissionais da educa\u00e7\u00e3o, muit\u00edssimo obrigado\u201d, concluiu.<\/p>\n\n\n\n<p><strong>Presen\u00e7as<\/strong><\/p>\n\n\n\n<p>Deputado federal, Antonio Andrade: secret\u00e1rio de Estado da Educa\u00e7\u00e3o, F\u00e1bio Vaz: superintendente estadual de Educa\u00e7\u00e3o: Edinho Fernandes, superintendente regional de Educa\u00e7\u00e3o, Araildes Almeida: deputado estadual, Cleiton Cardoso: deputado estadual, Valdemar J\u00fanior: prefeita de Santa Rita do Tocantins, Neila Maria: Prefeito de Monte do Carmo, Arquivardes Avelino (Date), dentre outras autoridades e lideran\u00e7as.<\/p>\n\n\n\n<figure class=\"wp-block-image size-large\"><img loading=\"lazy\" decoding=\"async\" width=\"1024\" height=\"657\" src=\"https:\/\/focotocantinense.com.br\/wp-content\/uploads\/2024\/03\/sssssssssssssssssss-1024x657.jpg\" alt=\"\" class=\"wp-image-7021\" srcset=\"https:\/\/focotocantinense.com.br\/wp-content\/uploads\/2024\/03\/sssssssssssssssssss-1024x657.jpg 1024w, https:\/\/focotocantinense.com.br\/wp-content\/uploads\/2024\/03\/sssssssssssssssssss-300x193.jpg 300w, https:\/\/focotocantinense.com.br\/wp-content\/uploads\/2024\/03\/sssssssssssssssssss-768x493.jpg 768w, https:\/\/focotocantinense.com.br\/wp-content\/uploads\/2024\/03\/sssssssssssssssssss.jpg 1080w\" sizes=\"auto, (max-width: 1024px) 100vw, 1024px\" \/><\/figure>\n\n\n\n<p><\/p>\n\n\n\n<p><\/p>\n\n\n\n<figure class=\"wp-block-image size-full\"><img loading=\"lazy\" decoding=\"async\" width=\"843\" height=\"251\" src=\"https:\/\/focotocantinense.com.br\/wp-content\/uploads\/2024\/03\/VINI_181-5.jpg\" alt=\"\" class=\"wp-image-7022\" srcset=\"https:\/\/focotocantinense.com.br\/wp-content\/uploads\/2024\/03\/VINI_181-5.jpg 843w, https:\/\/focotocantinense.com.br\/wp-content\/uploads\/2024\/03\/VINI_181-5-300x89.jpg 300w, https:\/\/focotocantinense.com.br\/wp-content\/uploads\/2024\/03\/VINI_181-5-768x229.jpg 768w\" sizes=\"auto, (max-width: 843px) 100vw, 843px\" \/><\/figure>\n","protected":false},"excerpt":{"rendered":"<p>O investimento no programa gira em torno de R$ 50 milh\u00f5es para promover a moderniza\u00e7\u00e3o tecnol\u00f3gica em todas as regionais de ensino Em uma noite marcada por compromisso e reconhecimento, foi realizada a entrega de notebooks aos profissionais da rede estadual de ensino em Porto Nacional. A entrega especial aconteceu nesta sexta-feira, 8, Dia Internacional &hellip;<\/p>\n","protected":false},"author":5,"featured_media":7021,"comment_status":"open","ping_status":"open","sticky":false,"template":"","format":"standard","meta":{"footnotes":""},"categories":[1],"tags":[],"class_list":["post-7020","post","type-post","status-publish","format-standard","has-post-thumbnail","","category-sem-categoria"],"_links":{"self":[{"href":"https:\/\/focotocantinense.com.br\/index.php?rest_route=\/wp\/v2\/posts\/7020","targetHints":{"allow":["GET"]}}],"collection":[{"href":"https:\/\/focotocantinense.com.br\/index.php?rest_route=\/wp\/v2\/posts"}],"about":[{"href":"https:\/\/focotocantinense.com.br\/index.php?rest_route=\/wp\/v2\/types\/post"}],"author":[{"embeddable":true,"href":"https:\/\/focotocantinense.com.br\/index.php?rest_route=\/wp\/v2\/users\/5"}],"replies":[{"embeddable":true,"href":"https:\/\/focotocantinense.com.br\/index.php?rest_route=%2Fwp%2Fv2%2Fcomments&post=7020"}],"version-history":[{"count":1,"href":"https:\/\/focotocantinense.com.br\/index.php?rest_route=\/wp\/v2\/posts\/7020\/revisions"}],"predecessor-version":[{"id":7023,"href":"https:\/\/focotocantinense.com.br\/index.php?rest_route=\/wp\/v2\/posts\/7020\/revisions\/7023"}],"wp:featuredmedia":[{"embeddable":true,"href":"https:\/\/focotocantinense.com.br\/index.php?rest_route=\/wp\/v2\/media\/7021"}],"wp:attachment":[{"href":"https:\/\/focotocantinense.com.br\/index.php?rest_route=%2Fwp%2Fv2%2Fmedia&parent=7020"}],"wp:term":[{"taxonomy":"category","embeddable":true,"href":"https:\/\/focotocantinense.com.br\/index.php?rest_route=%2Fwp%2Fv2%2Fcategories&post=7020"},{"taxonomy":"post_tag","embeddable":true,"href":"https:\/\/focotocantinense.com.br\/index.php?rest_route=%2Fwp%2Fv2%2Ftags&post=7020"}],"curies":[{"name":"wp","href":"https:\/\/api.w.org\/{rel}","templated":true}]}}