{"id":7011,"date":"2024-03-09T08:25:52","date_gmt":"2024-03-09T11:25:52","guid":{"rendered":"https:\/\/focotocantinense.com.br\/?p=7011"},"modified":"2024-03-09T08:25:53","modified_gmt":"2024-03-09T11:25:53","slug":"sebrae-faz-prestacao-de-contas-e-renova-parceria-com-a-prefeitura-de-tocantinia-para-o-projeto-cidade-empreendedora","status":"publish","type":"post","link":"https:\/\/focotocantinense.com.br\/?p=7011","title":{"rendered":"Sebrae faz presta\u00e7\u00e3o de contas e renova parceria com a Prefeitura de Tocant\u00ednia para o Projeto Cidade Empreendedora"},"content":{"rendered":"\n<p>A Prefeitura de Tocant\u00ednia renovou parceria com o Sebrae para o Projeto Cidade Empreendedora, que oferece Servi\u00e7o de Apoio \u00e0s Micro e Pequenas Empresas. A medida contempla novas ferramentas, capacita\u00e7\u00f5es e inova\u00e7\u00f5es que ir\u00e3o fomentar o desenvolvimento econ\u00f4mico do munic\u00edpio em 2024.<\/p>\n\n\n\n<p><br>Os representantes do Sebrae Tocantins, Amaggeldo Barbosa (Gerente Regional), Viviane Albuquerque (Analista) e Ana Fl\u00e1via Borges (Turism\u00f3loga), juntamente com a secret\u00e1ria executiva do Meio Ambiente e Saneamento B\u00e1sico, Suiane Sardinha, apresentaram na \u00faltima quinta-feira, 07, a presta\u00e7\u00e3o de conta da execu\u00e7\u00e3o parcial dos projetos, para avalia\u00e7\u00e3o do Prefeito Jo\u00e3o Alberto e do secret\u00e1rio de Administra\u00e7\u00e3o e Finan\u00e7as, Enaldo Rodrigues. Entre os projetos em andamento, o destaque foi para o turismo e artesanatos produzidos no munic\u00edpio.<\/p>\n\n\n\n<p><br>A Turism\u00f3loga Ana Fl\u00e1via Borges destacou o potencial do turismo em Tocant\u00ednia e artesanatos. Segundo Ana Fl\u00e1via, ap\u00f3s o estudo e levantamento feito dos pontos tur\u00edsticos e com a realiza\u00e7\u00e3o do City Tour, o turismo est\u00e1 pronto para ser vendido no pacote tur\u00edstico do Tocantins, atrav\u00e9s de Ag\u00eancias de Viagens. Tamb\u00e9m foi realizado o diagn\u00f3stico de artesanatos e oficinas para artes\u00e3os para melhorar o designer dos produtos.<\/p>\n\n\n\n<p><br>Em 2023, o Sebrae, visando a temporada da Praia P\u00f4r do Sol de Tocant\u00ednia, promoveu com a parceria da prefeitura, capacita\u00e7\u00e3o em coquetelaria e oficina de gastronomia raiz, intitulada \u201cCozinhando e transformando cozinha sustent\u00e1vel\u201d para impulsionar o empreendedorismo feminino. Essa iniciativa faz parte do projeto For\u00e7a Mulher.<\/p>\n\n\n\n<p><br>Ap\u00f3s apresenta\u00e7\u00e3o da presta\u00e7\u00e3o de conta pela equipe t\u00e9cnica do Sebrae, o prefeito Jo\u00e3o Alberto Coelho Machado, determinou a renova\u00e7\u00e3o da parceria. \u201cPara n\u00f3s \u00e9 um privil\u00e9gio poder dar continuidade nesta parceria com o Sebrae. Tocant\u00ednia est\u00e1 inserida em um contexto promissor com importantes inova\u00e7\u00f5es, principalmente no desenvolvimento econ\u00f4mico do munic\u00edpio\u201d pontuou o prefeito.<\/p>\n\n\n\n<figure class=\"wp-block-image size-large\"><img loading=\"lazy\" decoding=\"async\" width=\"1024\" height=\"785\" src=\"https:\/\/focotocantinense.com.br\/wp-content\/uploads\/2024\/03\/aaa-1024x785.jpg\" alt=\"\" class=\"wp-image-7012\" srcset=\"https:\/\/focotocantinense.com.br\/wp-content\/uploads\/2024\/03\/aaa-1024x785.jpg 1024w, https:\/\/focotocantinense.com.br\/wp-content\/uploads\/2024\/03\/aaa-300x230.jpg 300w, https:\/\/focotocantinense.com.br\/wp-content\/uploads\/2024\/03\/aaa-768x589.jpg 768w, https:\/\/focotocantinense.com.br\/wp-content\/uploads\/2024\/03\/aaa-1536x1178.jpg 1536w, https:\/\/focotocantinense.com.br\/wp-content\/uploads\/2024\/03\/aaa.jpg 1600w\" sizes=\"auto, (max-width: 1024px) 100vw, 1024px\" \/><\/figure>\n\n\n\n<p><\/p>\n\n\n\n<figure class=\"wp-block-image size-full\"><img loading=\"lazy\" decoding=\"async\" width=\"939\" height=\"477\" src=\"https:\/\/focotocantinense.com.br\/wp-content\/uploads\/2024\/03\/329c4960-d754-489a-af12-b65739c42a8e.jpg\" alt=\"\" class=\"wp-image-7014\" srcset=\"https:\/\/focotocantinense.com.br\/wp-content\/uploads\/2024\/03\/329c4960-d754-489a-af12-b65739c42a8e.jpg 939w, https:\/\/focotocantinense.com.br\/wp-content\/uploads\/2024\/03\/329c4960-d754-489a-af12-b65739c42a8e-300x152.jpg 300w, https:\/\/focotocantinense.com.br\/wp-content\/uploads\/2024\/03\/329c4960-d754-489a-af12-b65739c42a8e-768x390.jpg 768w\" sizes=\"auto, (max-width: 939px) 100vw, 939px\" \/><\/figure>\n\n\n\n<p><\/p>\n\n\n\n<p><\/p>\n\n\n\n<figure class=\"wp-block-image size-full\"><img loading=\"lazy\" decoding=\"async\" width=\"843\" height=\"251\" src=\"https:\/\/focotocantinense.com.br\/wp-content\/uploads\/2024\/03\/VINI_181-4.jpg\" alt=\"\" class=\"wp-image-7013\" srcset=\"https:\/\/focotocantinense.com.br\/wp-content\/uploads\/2024\/03\/VINI_181-4.jpg 843w, https:\/\/focotocantinense.com.br\/wp-content\/uploads\/2024\/03\/VINI_181-4-300x89.jpg 300w, https:\/\/focotocantinense.com.br\/wp-content\/uploads\/2024\/03\/VINI_181-4-768x229.jpg 768w\" sizes=\"auto, (max-width: 843px) 100vw, 843px\" \/><\/figure>\n","protected":false},"excerpt":{"rendered":"<p>A Prefeitura de Tocant\u00ednia renovou parceria com o Sebrae para o Projeto Cidade Empreendedora, que oferece Servi\u00e7o de Apoio \u00e0s Micro e Pequenas Empresas. A medida contempla novas ferramentas, capacita\u00e7\u00f5es e inova\u00e7\u00f5es que ir\u00e3o fomentar o desenvolvimento econ\u00f4mico do munic\u00edpio em 2024. Os representantes do Sebrae Tocantins, Amaggeldo Barbosa (Gerente Regional), Viviane Albuquerque (Analista) e &hellip;<\/p>\n","protected":false},"author":5,"featured_media":7012,"comment_status":"open","ping_status":"open","sticky":false,"template":"","format":"standard","meta":{"footnotes":""},"categories":[78],"tags":[],"class_list":["post-7011","post","type-post","status-publish","format-standard","has-post-thumbnail","","category-tocantinia"],"_links":{"self":[{"href":"https:\/\/focotocantinense.com.br\/index.php?rest_route=\/wp\/v2\/posts\/7011","targetHints":{"allow":["GET"]}}],"collection":[{"href":"https:\/\/focotocantinense.com.br\/index.php?rest_route=\/wp\/v2\/posts"}],"about":[{"href":"https:\/\/focotocantinense.com.br\/index.php?rest_route=\/wp\/v2\/types\/post"}],"author":[{"embeddable":true,"href":"https:\/\/focotocantinense.com.br\/index.php?rest_route=\/wp\/v2\/users\/5"}],"replies":[{"embeddable":true,"href":"https:\/\/focotocantinense.com.br\/index.php?rest_route=%2Fwp%2Fv2%2Fcomments&post=7011"}],"version-history":[{"count":1,"href":"https:\/\/focotocantinense.com.br\/index.php?rest_route=\/wp\/v2\/posts\/7011\/revisions"}],"predecessor-version":[{"id":7015,"href":"https:\/\/focotocantinense.com.br\/index.php?rest_route=\/wp\/v2\/posts\/7011\/revisions\/7015"}],"wp:featuredmedia":[{"embeddable":true,"href":"https:\/\/focotocantinense.com.br\/index.php?rest_route=\/wp\/v2\/media\/7012"}],"wp:attachment":[{"href":"https:\/\/focotocantinense.com.br\/index.php?rest_route=%2Fwp%2Fv2%2Fmedia&parent=7011"}],"wp:term":[{"taxonomy":"category","embeddable":true,"href":"https:\/\/focotocantinense.com.br\/index.php?rest_route=%2Fwp%2Fv2%2Fcategories&post=7011"},{"taxonomy":"post_tag","embeddable":true,"href":"https:\/\/focotocantinense.com.br\/index.php?rest_route=%2Fwp%2Fv2%2Ftags&post=7011"}],"curies":[{"name":"wp","href":"https:\/\/api.w.org\/{rel}","templated":true}]}}