{"id":700,"date":"2021-02-16T20:06:42","date_gmt":"2021-02-16T23:06:42","guid":{"rendered":"http:\/\/focotocantinense.com.br\/?p=700"},"modified":"2021-02-16T20:06:44","modified_gmt":"2021-02-16T23:06:44","slug":"governo-do-tocantins-participa-do-maior-evento-cientifico-do-estado","status":"publish","type":"post","link":"https:\/\/focotocantinense.com.br\/?p=700","title":{"rendered":"Governo do Tocantins participa do maior evento cient\u00edfico do Estado."},"content":{"rendered":"\n<p>Temas nas \u00e1reas de tecnologia, inova\u00e7\u00e3o, sa\u00fade, agroneg\u00f3cio, e projetos estrat\u00e9gicos desenvolvidos no Estado,&nbsp;ser\u00e3o destaques na plataforma do Governo do Tocantins,&nbsp;por meio da&nbsp;Funda\u00e7\u00e3o de Amparo \u00e0 Pesquisa do Tocantins (Fapt), na&nbsp;6\u00aa Semana Integrada de Ci\u00eancia e Tecnologia de Gurupi (Sicteg). O evento virtual&nbsp;inicia nesta quarta-feira, 28 e encerra na sexta-feira, 30. A programa\u00e7\u00e3o pode ser acompanhada no site&nbsp;<a href=\"https:\/\/sictegon.unirg.edu.br\/\">https:\/\/sictegon.unirg.edu.br\/<\/a>. O interessado deve efetuar a inscri\u00e7\u00e3o gratuitamente e preencher o formul\u00e1rio para entrar no evento e participar de tudo.&nbsp;<\/p>\n\n\n\n<p>Com a tem\u00e1tica&nbsp;Intelig\u00eancia Artificial&nbsp;&#8211; A Nova Fronteira da Ci\u00eancia Brasileira, o evento conta com uma estrutura inovadora&nbsp;voltada para pesquisadores, acad\u00eamicos e representantes de empresas e mais de 25 institui\u00e7\u00f5es. Proporciona&nbsp;palestras, workshops, minicursos, mesa-redonda e&nbsp;apresenta\u00e7\u00e3o de trabalhos acad\u00eamicos, al\u00e9m de apresenta\u00e7\u00f5es culturais. A 6\u00aa&nbsp;Semana Integrada de Ci\u00eancia e Tecnologia de Gurupi (Sicteg) \u00e9 uma realiza\u00e7\u00e3o da prefeitura municipal de Gurupi e do Sebrae Tocantins.<\/p>\n\n\n\n<p>O evento traz inova\u00e7\u00f5es em diversas \u00e1reas do conhecimento e a participa\u00e7\u00e3o da Fapt \u00e9 de suma import\u00e2ncia. \u201cParticiparemos de mesas-redondas com temas que favorecem o desenvolvimento econ\u00f4mico do Estado. Contaremos com a participa\u00e7\u00e3o de pesquisadores da Fapt, al\u00e9m de representantes de \u00f3rg\u00e3os de ci\u00eancia e tecnologia do governo federal e estadual tamb\u00e9m\u201d, explica&nbsp;o presidente da Fapt, M\u00e1rcio Silveira.<\/p>\n\n\n\n<p>A programa\u00e7\u00e3o completa da Fapt no Sicteg pode ser conferida&nbsp;<a href=\"https:\/\/fapt.to.gov.br\/noticias\/pesquisadores-da-fapt-participam-do-maior-evento-cientifico-do-tocantins-535453\">aqui<\/a>.<\/p>\n\n\n\n<p>Edi\u00e7\u00e3o: Th\u00e2mara Cruvinel<\/p>\n\n\n\n<p>Revis\u00e3o Textual: Marynne Juliate<\/p>\n","protected":false},"excerpt":{"rendered":"<p>Temas nas \u00e1reas de tecnologia, inova\u00e7\u00e3o, sa\u00fade, agroneg\u00f3cio, e projetos estrat\u00e9gicos desenvolvidos no Estado,&nbsp;ser\u00e3o destaques na plataforma do Governo do Tocantins,&nbsp;por meio da&nbsp;Funda\u00e7\u00e3o de Amparo \u00e0 Pesquisa do Tocantins (Fapt), na&nbsp;6\u00aa Semana Integrada de Ci\u00eancia e Tecnologia de Gurupi (Sicteg). O evento virtual&nbsp;inicia nesta quarta-feira, 28 e encerra na sexta-feira, 30. A programa\u00e7\u00e3o pode ser &hellip;<\/p>\n","protected":false},"author":1,"featured_media":701,"comment_status":"open","ping_status":"open","sticky":false,"template":"","format":"standard","meta":{"footnotes":""},"categories":[39,1],"tags":[],"class_list":["post-700","post","type-post","status-publish","format-standard","has-post-thumbnail","","category-estado","category-sem-categoria"],"_links":{"self":[{"href":"https:\/\/focotocantinense.com.br\/index.php?rest_route=\/wp\/v2\/posts\/700","targetHints":{"allow":["GET"]}}],"collection":[{"href":"https:\/\/focotocantinense.com.br\/index.php?rest_route=\/wp\/v2\/posts"}],"about":[{"href":"https:\/\/focotocantinense.com.br\/index.php?rest_route=\/wp\/v2\/types\/post"}],"author":[{"embeddable":true,"href":"https:\/\/focotocantinense.com.br\/index.php?rest_route=\/wp\/v2\/users\/1"}],"replies":[{"embeddable":true,"href":"https:\/\/focotocantinense.com.br\/index.php?rest_route=%2Fwp%2Fv2%2Fcomments&post=700"}],"version-history":[{"count":1,"href":"https:\/\/focotocantinense.com.br\/index.php?rest_route=\/wp\/v2\/posts\/700\/revisions"}],"predecessor-version":[{"id":702,"href":"https:\/\/focotocantinense.com.br\/index.php?rest_route=\/wp\/v2\/posts\/700\/revisions\/702"}],"wp:featuredmedia":[{"embeddable":true,"href":"https:\/\/focotocantinense.com.br\/index.php?rest_route=\/wp\/v2\/media\/701"}],"wp:attachment":[{"href":"https:\/\/focotocantinense.com.br\/index.php?rest_route=%2Fwp%2Fv2%2Fmedia&parent=700"}],"wp:term":[{"taxonomy":"category","embeddable":true,"href":"https:\/\/focotocantinense.com.br\/index.php?rest_route=%2Fwp%2Fv2%2Fcategories&post=700"},{"taxonomy":"post_tag","embeddable":true,"href":"https:\/\/focotocantinense.com.br\/index.php?rest_route=%2Fwp%2Fv2%2Ftags&post=700"}],"curies":[{"name":"wp","href":"https:\/\/api.w.org\/{rel}","templated":true}]}}