{"id":6998,"date":"2024-03-05T20:03:33","date_gmt":"2024-03-05T23:03:33","guid":{"rendered":"https:\/\/focotocantinense.com.br\/?p=6998"},"modified":"2024-03-05T20:59:35","modified_gmt":"2024-03-05T23:59:35","slug":"deputado-antonio-andrade-recebe-visita-do-vice-governador-laurez-em-brasilia","status":"publish","type":"post","link":"https:\/\/focotocantinense.com.br\/?p=6998","title":{"rendered":"Deputado Antonio Andrade recebe visita do vice-governador Laurez em Bras\u00edlia"},"content":{"rendered":"\n<p>Na tarde desta ter\u00e7a, 5 de mar\u00e7o, um encontro de relev\u00e2ncia pol\u00edtica marcou os corredores do Congresso Nacional. O Deputado Federal Antonio Andrade (Republicanos), recebeu a visita do vice-governador do Tocantins, Laurez Moreira.<\/p>\n\n\n\n<p>Durante o encontro foram discutidos diversos temas de interesse p\u00fablico, desde projetos de lei em tramita\u00e7\u00e3o, quest\u00f5es pol\u00edticas e parcerias relacionadas ao desenvolvimento econ\u00f4mico e social do estado do Tocantins.<\/p>\n\n\n\n<p>O parlamentar, conhecido por sua atua\u00e7\u00e3o firme e comprometida com os eleitores de Porto Nacional e do Tocantins, destacou a import\u00e2ncia do di\u00e1logo entre os poderes Legislativo e Executivo para o avan\u00e7o de pol\u00edticas p\u00fablicas que atendam \u00e0s demandas da popula\u00e7\u00e3o.<\/p>\n\n\n\n<p>\u201cRecebendo na C\u00e2mara Federal o nosso vice-governador Laurez Moreira, que nessa casa passou por dois mandatos. \u00c9 uma satisfa\u00e7\u00e3o receber um homem que tem relevantes servi\u00e7os prestados no Tocantins. A gente fica orgulhoso de voc\u00ea estar aqui comigo hoje nesta Casa\u201d, agradeceu o deputado.<\/p>\n\n\n\n<p>Por sua vez, o vice-governador Laurez expressou sua gratid\u00e3o pela receptividade do deputado e ressaltou a necessidade de parcerias estrat\u00e9gicas para enfrentar os desafios que se apresentam no Estado.<\/p>\n\n\n\n<p>\u201c\u00c9 com muita alegria Toinho que eu te encontro hoje na C\u00e2mara. Voc\u00ea faz um excelente trabalho em Bras\u00edlia. Eu tenho certeza que a sua pr\u00e9-candidatura em Porto Nacional vai ajudar muito aquela gente.\u201d<\/p>\n\n\n\n<p>Ainda nesta ter\u00e7a, o deputado realizou uma visita de cortesia no gabinete da Senadora Professora Dorinha Seabra.<\/p>\n\n\n\n<figure class=\"wp-block-image size-large is-resized\"><img loading=\"lazy\" decoding=\"async\" width=\"1024\" height=\"707\" src=\"https:\/\/focotocantinense.com.br\/wp-content\/uploads\/2024\/03\/IMG-20240305-WA0250-1-1024x707.jpg\" alt=\"\" class=\"wp-image-6999\" style=\"width:411px;height:auto\" srcset=\"https:\/\/focotocantinense.com.br\/wp-content\/uploads\/2024\/03\/IMG-20240305-WA0250-1-1024x707.jpg 1024w, https:\/\/focotocantinense.com.br\/wp-content\/uploads\/2024\/03\/IMG-20240305-WA0250-1-300x207.jpg 300w, https:\/\/focotocantinense.com.br\/wp-content\/uploads\/2024\/03\/IMG-20240305-WA0250-1-768x530.jpg 768w, https:\/\/focotocantinense.com.br\/wp-content\/uploads\/2024\/03\/IMG-20240305-WA0250-1-1536x1060.jpg 1536w, https:\/\/focotocantinense.com.br\/wp-content\/uploads\/2024\/03\/IMG-20240305-WA0250-1-110x75.jpg 110w, https:\/\/focotocantinense.com.br\/wp-content\/uploads\/2024\/03\/IMG-20240305-WA0250-1.jpg 1600w\" sizes=\"auto, (max-width: 1024px) 100vw, 1024px\" \/><\/figure>\n\n\n\n<p><\/p>\n\n\n\n<figure class=\"wp-block-image size-full\"><img loading=\"lazy\" decoding=\"async\" width=\"843\" height=\"251\" src=\"https:\/\/focotocantinense.com.br\/wp-content\/uploads\/2024\/03\/VINI_181-2.jpg\" alt=\"\" class=\"wp-image-6989\" srcset=\"https:\/\/focotocantinense.com.br\/wp-content\/uploads\/2024\/03\/VINI_181-2.jpg 843w, https:\/\/focotocantinense.com.br\/wp-content\/uploads\/2024\/03\/VINI_181-2-300x89.jpg 300w, https:\/\/focotocantinense.com.br\/wp-content\/uploads\/2024\/03\/VINI_181-2-768x229.jpg 768w\" sizes=\"auto, (max-width: 843px) 100vw, 843px\" \/><\/figure>\n","protected":false},"excerpt":{"rendered":"<p>Na tarde desta ter\u00e7a, 5 de mar\u00e7o, um encontro de relev\u00e2ncia pol\u00edtica marcou os corredores do Congresso Nacional. O Deputado Federal Antonio Andrade (Republicanos), recebeu a visita do vice-governador do Tocantins, Laurez Moreira. Durante o encontro foram discutidos diversos temas de interesse p\u00fablico, desde projetos de lei em tramita\u00e7\u00e3o, quest\u00f5es pol\u00edticas e parcerias relacionadas ao &hellip;<\/p>\n","protected":false},"author":5,"featured_media":6997,"comment_status":"open","ping_status":"open","sticky":false,"template":"","format":"standard","meta":{"footnotes":""},"categories":[1],"tags":[],"class_list":["post-6998","post","type-post","status-publish","format-standard","has-post-thumbnail","","category-sem-categoria"],"_links":{"self":[{"href":"https:\/\/focotocantinense.com.br\/index.php?rest_route=\/wp\/v2\/posts\/6998","targetHints":{"allow":["GET"]}}],"collection":[{"href":"https:\/\/focotocantinense.com.br\/index.php?rest_route=\/wp\/v2\/posts"}],"about":[{"href":"https:\/\/focotocantinense.com.br\/index.php?rest_route=\/wp\/v2\/types\/post"}],"author":[{"embeddable":true,"href":"https:\/\/focotocantinense.com.br\/index.php?rest_route=\/wp\/v2\/users\/5"}],"replies":[{"embeddable":true,"href":"https:\/\/focotocantinense.com.br\/index.php?rest_route=%2Fwp%2Fv2%2Fcomments&post=6998"}],"version-history":[{"count":3,"href":"https:\/\/focotocantinense.com.br\/index.php?rest_route=\/wp\/v2\/posts\/6998\/revisions"}],"predecessor-version":[{"id":7003,"href":"https:\/\/focotocantinense.com.br\/index.php?rest_route=\/wp\/v2\/posts\/6998\/revisions\/7003"}],"wp:featuredmedia":[{"embeddable":true,"href":"https:\/\/focotocantinense.com.br\/index.php?rest_route=\/wp\/v2\/media\/6997"}],"wp:attachment":[{"href":"https:\/\/focotocantinense.com.br\/index.php?rest_route=%2Fwp%2Fv2%2Fmedia&parent=6998"}],"wp:term":[{"taxonomy":"category","embeddable":true,"href":"https:\/\/focotocantinense.com.br\/index.php?rest_route=%2Fwp%2Fv2%2Fcategories&post=6998"},{"taxonomy":"post_tag","embeddable":true,"href":"https:\/\/focotocantinense.com.br\/index.php?rest_route=%2Fwp%2Fv2%2Ftags&post=6998"}],"curies":[{"name":"wp","href":"https:\/\/api.w.org\/{rel}","templated":true}]}}