{"id":6993,"date":"2024-03-05T18:20:19","date_gmt":"2024-03-05T21:20:19","guid":{"rendered":"https:\/\/focotocantinense.com.br\/?p=6993"},"modified":"2024-03-05T21:03:04","modified_gmt":"2024-03-06T00:03:04","slug":"antonio-andrade-prestigia-solenidade-de-entrega-de-mocao-de-aplausos-a-superintendente-regional-de-educacao-araildes-almeida","status":"publish","type":"post","link":"https:\/\/focotocantinense.com.br\/?p=6993","title":{"rendered":"Antonio Andrade prestigia solenidade de entrega de mo\u00e7\u00e3o de aplausos a superintendente regional de Educa\u00e7\u00e3o, Araildes Almeida"},"content":{"rendered":"\n<p>A homenagem que destaca a dedica\u00e7\u00e3o da servidora p\u00fablica, foi proposta pelo vereador Jefferson Lopes<\/p>\n\n\n\n<p>Em sess\u00e3o solene realizada na C\u00e2mara Municipal de Porto Nacional, na manh\u00e3 desta segunda-feira, 4, a superintendente regional de Educa\u00e7\u00e3o, Araildes Almeida, foi a grande homenageada, recebendo mo\u00e7\u00e3o de aplausos em reconhecimento ao seu trabalho em prol do ensino.<\/p>\n\n\n\n<p>Dezenas de pessoas acompanharam o evento, incluindo o deputado federal Antonio Andrade e sua esposa Virg\u00ednia Andrade, amigos e parceiros da homenageada em trabalhos voltados ao desenvolvimento da Educa\u00e7\u00e3o.<\/p>\n\n\n\n<p>Em seu discurso, o deputado destacou: &#8220;Essa homenagem \u00e9 muito justa e merecida, pois reconhece o m\u00e9rito do trabalho de excel\u00eancia que a Araildes vem realizando ao longo dos anos, com a\u00e7\u00f5es e projetos que merecem ser destacados. Tenho por ela muita admira\u00e7\u00e3o e respeito, e por isso, fico muito contente em prestigi\u00e1-la&#8221;, finalizou.<\/p>\n\n\n\n<figure class=\"wp-block-image size-large is-resized\"><img loading=\"lazy\" decoding=\"async\" width=\"1024\" height=\"576\" src=\"https:\/\/focotocantinense.com.br\/wp-content\/uploads\/2024\/03\/TOINHO-O2-1024x576.jpeg\" alt=\"\" class=\"wp-image-6994\" style=\"width:409px;height:auto\" srcset=\"https:\/\/focotocantinense.com.br\/wp-content\/uploads\/2024\/03\/TOINHO-O2-1024x576.jpeg 1024w, https:\/\/focotocantinense.com.br\/wp-content\/uploads\/2024\/03\/TOINHO-O2-300x169.jpeg 300w, https:\/\/focotocantinense.com.br\/wp-content\/uploads\/2024\/03\/TOINHO-O2-768x432.jpeg 768w, https:\/\/focotocantinense.com.br\/wp-content\/uploads\/2024\/03\/TOINHO-O2-1536x864.jpeg 1536w, https:\/\/focotocantinense.com.br\/wp-content\/uploads\/2024\/03\/TOINHO-O2.jpeg 1600w\" sizes=\"auto, (max-width: 1024px) 100vw, 1024px\" \/><\/figure>\n\n\n\n<p><\/p>\n\n\n\n<figure class=\"wp-block-image size-full\"><img loading=\"lazy\" decoding=\"async\" width=\"843\" height=\"251\" src=\"https:\/\/focotocantinense.com.br\/wp-content\/uploads\/2024\/03\/VINI_181-2.jpg\" alt=\"\" class=\"wp-image-6989\" srcset=\"https:\/\/focotocantinense.com.br\/wp-content\/uploads\/2024\/03\/VINI_181-2.jpg 843w, https:\/\/focotocantinense.com.br\/wp-content\/uploads\/2024\/03\/VINI_181-2-300x89.jpg 300w, https:\/\/focotocantinense.com.br\/wp-content\/uploads\/2024\/03\/VINI_181-2-768x229.jpg 768w\" sizes=\"auto, (max-width: 843px) 100vw, 843px\" \/><\/figure>\n","protected":false},"excerpt":{"rendered":"<p>A homenagem que destaca a dedica\u00e7\u00e3o da servidora p\u00fablica, foi proposta pelo vereador Jefferson Lopes Em sess\u00e3o solene realizada na C\u00e2mara Municipal de Porto Nacional, na manh\u00e3 desta segunda-feira, 4, a superintendente regional de Educa\u00e7\u00e3o, Araildes Almeida, foi a grande homenageada, recebendo mo\u00e7\u00e3o de aplausos em reconhecimento ao seu trabalho em prol do ensino. Dezenas &hellip;<\/p>\n","protected":false},"author":5,"featured_media":6994,"comment_status":"open","ping_status":"open","sticky":false,"template":"","format":"standard","meta":{"footnotes":""},"categories":[1],"tags":[],"class_list":["post-6993","post","type-post","status-publish","format-standard","has-post-thumbnail","","category-sem-categoria"],"_links":{"self":[{"href":"https:\/\/focotocantinense.com.br\/index.php?rest_route=\/wp\/v2\/posts\/6993","targetHints":{"allow":["GET"]}}],"collection":[{"href":"https:\/\/focotocantinense.com.br\/index.php?rest_route=\/wp\/v2\/posts"}],"about":[{"href":"https:\/\/focotocantinense.com.br\/index.php?rest_route=\/wp\/v2\/types\/post"}],"author":[{"embeddable":true,"href":"https:\/\/focotocantinense.com.br\/index.php?rest_route=\/wp\/v2\/users\/5"}],"replies":[{"embeddable":true,"href":"https:\/\/focotocantinense.com.br\/index.php?rest_route=%2Fwp%2Fv2%2Fcomments&post=6993"}],"version-history":[{"count":2,"href":"https:\/\/focotocantinense.com.br\/index.php?rest_route=\/wp\/v2\/posts\/6993\/revisions"}],"predecessor-version":[{"id":7005,"href":"https:\/\/focotocantinense.com.br\/index.php?rest_route=\/wp\/v2\/posts\/6993\/revisions\/7005"}],"wp:featuredmedia":[{"embeddable":true,"href":"https:\/\/focotocantinense.com.br\/index.php?rest_route=\/wp\/v2\/media\/6994"}],"wp:attachment":[{"href":"https:\/\/focotocantinense.com.br\/index.php?rest_route=%2Fwp%2Fv2%2Fmedia&parent=6993"}],"wp:term":[{"taxonomy":"category","embeddable":true,"href":"https:\/\/focotocantinense.com.br\/index.php?rest_route=%2Fwp%2Fv2%2Fcategories&post=6993"},{"taxonomy":"post_tag","embeddable":true,"href":"https:\/\/focotocantinense.com.br\/index.php?rest_route=%2Fwp%2Fv2%2Ftags&post=6993"}],"curies":[{"name":"wp","href":"https:\/\/api.w.org\/{rel}","templated":true}]}}