{"id":6987,"date":"2024-03-05T17:26:18","date_gmt":"2024-03-05T20:26:18","guid":{"rendered":"https:\/\/focotocantinense.com.br\/?p=6987"},"modified":"2024-03-05T17:27:14","modified_gmt":"2024-03-05T20:27:14","slug":"prefeito-de-tocantinia-joao-alberto-se-reune-com-secretariado-para-avaliacao-e-planejamento-da-gestao","status":"publish","type":"post","link":"https:\/\/focotocantinense.com.br\/?p=6987","title":{"rendered":"Prefeito de Tocant\u00ednia, Jo\u00e3o Alberto se re\u00fane com secretariado para avalia\u00e7\u00e3o e planejamento da gest\u00e3o"},"content":{"rendered":"\n<p><strong>Por Zacarias Martins<\/strong><\/p>\n\n\n\n<p>Na manh\u00e3 desta ter\u00e7a-feira, dia 05&nbsp; de mar\u00e7o, &nbsp;o prefeito&nbsp; em exerc\u00edcio de Tocant\u00ednia, Jo\u00e3o Alberto Coelho Machado, &nbsp;se reuniu com os seus secret\u00e1rios para um balan\u00e7o de todas as atividades em andamento no munic\u00edpio,&nbsp; bem como, tra\u00e7ar uma linha de a\u00e7\u00e3o que v\u00e1 ao encontro aos anseios da popula\u00e7\u00e3o local.<\/p>\n\n\n\n<p>O Procurador&nbsp; do munic\u00edpio, Roger Mello Ott\u00e3no abriu a reuni\u00e3o esclarecendo aos presentes os procedimentos &nbsp;legais que&nbsp; devem ser seguidos especificamente, a partir de agora, pela gest\u00e3o p\u00fablica em observ\u00e2ncia &nbsp;aos ditames&nbsp; da legisla\u00e7\u00e3o em vigor no ano de elei\u00e7\u00e3o municipal.<\/p>\n\n\n\n<p>Nesse encontro os secret\u00e1rios dialogaram com o prefeito as informa\u00e7\u00f5es de diversas frentes de trabalho relacionadas \u00e0 administra\u00e7\u00e3o, tendo em vista que as informa\u00e7\u00f5es s\u00e3o essenciais para o planejamento futuro, seguindo uma linha de a\u00e7\u00f5es proposta no plano de Governo do Poder Executivo.<\/p>\n\n\n\n<p>O prefeito Jo\u00e3o Alberto far\u00e1 essas reuni\u00f5es uma vez por m\u00eas para promover uma intera\u00e7\u00e3o\u00a0 com a \u00a0sua equipe no intuito de melhorar ainda mais os servi\u00e7os prestados \u00e0 popula\u00e7\u00e3o.<\/p>\n\n\n\n<p><\/p>\n\n\n\n<figure class=\"wp-block-image size-large is-resized\"><img loading=\"lazy\" decoding=\"async\" width=\"1024\" height=\"682\" src=\"https:\/\/focotocantinense.com.br\/wp-content\/uploads\/2024\/03\/bbbb-1024x682.jpg\" alt=\"\" class=\"wp-image-6991\" style=\"width:407px;height:auto\" srcset=\"https:\/\/focotocantinense.com.br\/wp-content\/uploads\/2024\/03\/bbbb-1024x682.jpg 1024w, https:\/\/focotocantinense.com.br\/wp-content\/uploads\/2024\/03\/bbbb-300x200.jpg 300w, https:\/\/focotocantinense.com.br\/wp-content\/uploads\/2024\/03\/bbbb-768x512.jpg 768w, https:\/\/focotocantinense.com.br\/wp-content\/uploads\/2024\/03\/bbbb-1536x1023.jpg 1536w, https:\/\/focotocantinense.com.br\/wp-content\/uploads\/2024\/03\/bbbb-310x205.jpg 310w, https:\/\/focotocantinense.com.br\/wp-content\/uploads\/2024\/03\/bbbb.jpg 1600w\" sizes=\"auto, (max-width: 1024px) 100vw, 1024px\" \/><\/figure>\n\n\n\n<p><\/p>\n\n\n\n<figure class=\"wp-block-image size-full\"><img loading=\"lazy\" decoding=\"async\" width=\"921\" height=\"461\" src=\"https:\/\/focotocantinense.com.br\/wp-content\/uploads\/2024\/03\/aaaaaaaaaaaaaaaaa-1.jpg\" alt=\"\" class=\"wp-image-6988\" srcset=\"https:\/\/focotocantinense.com.br\/wp-content\/uploads\/2024\/03\/aaaaaaaaaaaaaaaaa-1.jpg 921w, https:\/\/focotocantinense.com.br\/wp-content\/uploads\/2024\/03\/aaaaaaaaaaaaaaaaa-1-300x150.jpg 300w, https:\/\/focotocantinense.com.br\/wp-content\/uploads\/2024\/03\/aaaaaaaaaaaaaaaaa-1-768x384.jpg 768w, https:\/\/focotocantinense.com.br\/wp-content\/uploads\/2024\/03\/aaaaaaaaaaaaaaaaa-1-660x330.jpg 660w\" sizes=\"auto, (max-width: 921px) 100vw, 921px\" \/><\/figure>\n\n\n\n<p><\/p>\n\n\n\n<figure class=\"wp-block-image size-full\"><img loading=\"lazy\" decoding=\"async\" width=\"843\" height=\"251\" src=\"https:\/\/focotocantinense.com.br\/wp-content\/uploads\/2024\/03\/VINI_181-2.jpg\" alt=\"\" class=\"wp-image-6989\" srcset=\"https:\/\/focotocantinense.com.br\/wp-content\/uploads\/2024\/03\/VINI_181-2.jpg 843w, https:\/\/focotocantinense.com.br\/wp-content\/uploads\/2024\/03\/VINI_181-2-300x89.jpg 300w, https:\/\/focotocantinense.com.br\/wp-content\/uploads\/2024\/03\/VINI_181-2-768x229.jpg 768w\" sizes=\"auto, (max-width: 843px) 100vw, 843px\" \/><\/figure>\n","protected":false},"excerpt":{"rendered":"<p>Por Zacarias Martins Na manh\u00e3 desta ter\u00e7a-feira, dia 05&nbsp; de mar\u00e7o, &nbsp;o prefeito&nbsp; em exerc\u00edcio de Tocant\u00ednia, Jo\u00e3o Alberto Coelho Machado, &nbsp;se reuniu com os seus secret\u00e1rios para um balan\u00e7o de todas as atividades em andamento no munic\u00edpio,&nbsp; bem como, tra\u00e7ar uma linha de a\u00e7\u00e3o que v\u00e1 ao encontro aos anseios da popula\u00e7\u00e3o local. O &hellip;<\/p>\n","protected":false},"author":5,"featured_media":6988,"comment_status":"open","ping_status":"open","sticky":false,"template":"","format":"standard","meta":{"footnotes":""},"categories":[78],"tags":[],"class_list":["post-6987","post","type-post","status-publish","format-standard","has-post-thumbnail","","category-tocantinia"],"_links":{"self":[{"href":"https:\/\/focotocantinense.com.br\/index.php?rest_route=\/wp\/v2\/posts\/6987","targetHints":{"allow":["GET"]}}],"collection":[{"href":"https:\/\/focotocantinense.com.br\/index.php?rest_route=\/wp\/v2\/posts"}],"about":[{"href":"https:\/\/focotocantinense.com.br\/index.php?rest_route=\/wp\/v2\/types\/post"}],"author":[{"embeddable":true,"href":"https:\/\/focotocantinense.com.br\/index.php?rest_route=\/wp\/v2\/users\/5"}],"replies":[{"embeddable":true,"href":"https:\/\/focotocantinense.com.br\/index.php?rest_route=%2Fwp%2Fv2%2Fcomments&post=6987"}],"version-history":[{"count":2,"href":"https:\/\/focotocantinense.com.br\/index.php?rest_route=\/wp\/v2\/posts\/6987\/revisions"}],"predecessor-version":[{"id":6992,"href":"https:\/\/focotocantinense.com.br\/index.php?rest_route=\/wp\/v2\/posts\/6987\/revisions\/6992"}],"wp:featuredmedia":[{"embeddable":true,"href":"https:\/\/focotocantinense.com.br\/index.php?rest_route=\/wp\/v2\/media\/6988"}],"wp:attachment":[{"href":"https:\/\/focotocantinense.com.br\/index.php?rest_route=%2Fwp%2Fv2%2Fmedia&parent=6987"}],"wp:term":[{"taxonomy":"category","embeddable":true,"href":"https:\/\/focotocantinense.com.br\/index.php?rest_route=%2Fwp%2Fv2%2Fcategories&post=6987"},{"taxonomy":"post_tag","embeddable":true,"href":"https:\/\/focotocantinense.com.br\/index.php?rest_route=%2Fwp%2Fv2%2Ftags&post=6987"}],"curies":[{"name":"wp","href":"https:\/\/api.w.org\/{rel}","templated":true}]}}