{"id":6983,"date":"2024-03-04T20:09:33","date_gmt":"2024-03-04T23:09:33","guid":{"rendered":"https:\/\/focotocantinense.com.br\/?p=6983"},"modified":"2024-03-04T20:10:47","modified_gmt":"2024-03-04T23:10:47","slug":"prefeito-joao-alberto-recebe-a-equipe-da-brigada-permanente-de-controle-de-incendios-florestais-em-tocantinia","status":"publish","type":"post","link":"https:\/\/focotocantinense.com.br\/?p=6983","title":{"rendered":"Prefeito Jo\u00e3o Alberto recebe a equipe da Brigada Permanente de Controle de Inc\u00eandios Florestais em Tocant\u00ednia"},"content":{"rendered":"\n<p>Na manh\u00e3 desta segunda-feira, 04, o prefeito de Tocant\u00ednia, Jo\u00e3o Alberto Coelho Machado, juntamente com o secret\u00e1rio de Meio Ambiente e Saneamento B\u00e1sico, Raul Rodrigues, receberam a equipe que comp\u00f5e a Brigada Permanente de Controle de Inc\u00eandios Florestais no munic\u00edpio.<\/p>\n\n\n\n<p><br>A Brigada Permanente Municipal foi criada atrav\u00e9s do Projeto de Lei Complementar n\u00ba 633\/2024, aprovado pelos vereadores na C\u00e2mara Municipal, com objetivo de fortalecer as atividades ambientais e o desenvolvimento sustent\u00e1vel de Tocant\u00ednia. Os Brigadistas, que antes eram contratados apenas em per\u00edodo de estiagem prolongado e considerado cr\u00edticos no munic\u00edpio, no qual apresenta os maiores \u00edndices de inc\u00eandios florestais, agora atuar\u00e3o durante todo o ano. A Brigada vai desenvolver atividades t\u00edpicas de preven\u00e7\u00e3o de controle das queimadas e combate aos inc\u00eandios florestais, al\u00e9m de medidas correlatas e no apoio \u00e0s a\u00e7\u00f5es da Defesa Civil Municipal.<\/p>\n\n\n\n<p><br>Prefeito Jo\u00e3o Alberto destacou que a equipe de Brigadistas contratada estar\u00e1 vinculada a Secretaria Municipal de Meio Ambiente e Saneamento B\u00e1sico, onde vai desempenhar atividades de grande import\u00e2ncia ao munic\u00edpio. \u201cA iniciativa de contratar permanentemente os brigadistas \u00e9 por entender o trabalho que eles desenvolvem junto \u00e0s comunidades de grande import\u00e2ncia, principalmente na preven\u00e7\u00e3o das queimadas e conserva\u00e7\u00e3o do meio ambiente\u201d frisou o prefeito.<\/p>\n\n\n\n<figure class=\"wp-block-image size-large is-resized\"><img loading=\"lazy\" decoding=\"async\" width=\"1024\" height=\"726\" src=\"https:\/\/focotocantinense.com.br\/wp-content\/uploads\/2024\/03\/aaaaaaaaaaaaaaaaa-1024x726.jpg\" alt=\"\" class=\"wp-image-6984\" style=\"width:410px;height:auto\" srcset=\"https:\/\/focotocantinense.com.br\/wp-content\/uploads\/2024\/03\/aaaaaaaaaaaaaaaaa-1024x726.jpg 1024w, https:\/\/focotocantinense.com.br\/wp-content\/uploads\/2024\/03\/aaaaaaaaaaaaaaaaa-300x213.jpg 300w, https:\/\/focotocantinense.com.br\/wp-content\/uploads\/2024\/03\/aaaaaaaaaaaaaaaaa-768x544.jpg 768w, https:\/\/focotocantinense.com.br\/wp-content\/uploads\/2024\/03\/aaaaaaaaaaaaaaaaa-1536x1089.jpg 1536w, https:\/\/focotocantinense.com.br\/wp-content\/uploads\/2024\/03\/aaaaaaaaaaaaaaaaa.jpg 1600w\" sizes=\"auto, (max-width: 1024px) 100vw, 1024px\" \/><\/figure>\n\n\n\n<p><\/p>\n\n\n\n<figure class=\"wp-block-image size-full\"><img loading=\"lazy\" decoding=\"async\" width=\"843\" height=\"251\" src=\"https:\/\/focotocantinense.com.br\/wp-content\/uploads\/2024\/03\/VINI_181-1.jpg\" alt=\"\" class=\"wp-image-6970\" srcset=\"https:\/\/focotocantinense.com.br\/wp-content\/uploads\/2024\/03\/VINI_181-1.jpg 843w, https:\/\/focotocantinense.com.br\/wp-content\/uploads\/2024\/03\/VINI_181-1-300x89.jpg 300w, https:\/\/focotocantinense.com.br\/wp-content\/uploads\/2024\/03\/VINI_181-1-768x229.jpg 768w\" sizes=\"auto, (max-width: 843px) 100vw, 843px\" \/><\/figure>\n","protected":false},"excerpt":{"rendered":"<p>Na manh\u00e3 desta segunda-feira, 04, o prefeito de Tocant\u00ednia, Jo\u00e3o Alberto Coelho Machado, juntamente com o secret\u00e1rio de Meio Ambiente e Saneamento B\u00e1sico, Raul Rodrigues, receberam a equipe que comp\u00f5e a Brigada Permanente de Controle de Inc\u00eandios Florestais no munic\u00edpio. A Brigada Permanente Municipal foi criada atrav\u00e9s do Projeto de Lei Complementar n\u00ba 633\/2024, aprovado &hellip;<\/p>\n","protected":false},"author":5,"featured_media":6984,"comment_status":"open","ping_status":"open","sticky":false,"template":"","format":"standard","meta":{"footnotes":""},"categories":[1,78],"tags":[],"class_list":["post-6983","post","type-post","status-publish","format-standard","has-post-thumbnail","","category-sem-categoria","category-tocantinia"],"_links":{"self":[{"href":"https:\/\/focotocantinense.com.br\/index.php?rest_route=\/wp\/v2\/posts\/6983","targetHints":{"allow":["GET"]}}],"collection":[{"href":"https:\/\/focotocantinense.com.br\/index.php?rest_route=\/wp\/v2\/posts"}],"about":[{"href":"https:\/\/focotocantinense.com.br\/index.php?rest_route=\/wp\/v2\/types\/post"}],"author":[{"embeddable":true,"href":"https:\/\/focotocantinense.com.br\/index.php?rest_route=\/wp\/v2\/users\/5"}],"replies":[{"embeddable":true,"href":"https:\/\/focotocantinense.com.br\/index.php?rest_route=%2Fwp%2Fv2%2Fcomments&post=6983"}],"version-history":[{"count":2,"href":"https:\/\/focotocantinense.com.br\/index.php?rest_route=\/wp\/v2\/posts\/6983\/revisions"}],"predecessor-version":[{"id":6986,"href":"https:\/\/focotocantinense.com.br\/index.php?rest_route=\/wp\/v2\/posts\/6983\/revisions\/6986"}],"wp:featuredmedia":[{"embeddable":true,"href":"https:\/\/focotocantinense.com.br\/index.php?rest_route=\/wp\/v2\/media\/6984"}],"wp:attachment":[{"href":"https:\/\/focotocantinense.com.br\/index.php?rest_route=%2Fwp%2Fv2%2Fmedia&parent=6983"}],"wp:term":[{"taxonomy":"category","embeddable":true,"href":"https:\/\/focotocantinense.com.br\/index.php?rest_route=%2Fwp%2Fv2%2Fcategories&post=6983"},{"taxonomy":"post_tag","embeddable":true,"href":"https:\/\/focotocantinense.com.br\/index.php?rest_route=%2Fwp%2Fv2%2Ftags&post=6983"}],"curies":[{"name":"wp","href":"https:\/\/api.w.org\/{rel}","templated":true}]}}