{"id":6980,"date":"2024-03-03T13:28:20","date_gmt":"2024-03-03T16:28:20","guid":{"rendered":"https:\/\/focotocantinense.com.br\/?p=6980"},"modified":"2024-03-03T13:28:21","modified_gmt":"2024-03-03T16:28:21","slug":"eduardo-fortes-confirma-a-site-de-palmas-que-pretende-disputar-eleicoes-para-prefeito-de-gurupi-pelo-psd-e-que-governador-estara-em-seu-palanque","status":"publish","type":"post","link":"https:\/\/focotocantinense.com.br\/?p=6980","title":{"rendered":"Eduardo Fortes confirma a site de Palmas que pretende disputar elei\u00e7\u00f5es para prefeito de Gurupi pelo PSD e que governador estar\u00e1 em seu palanque"},"content":{"rendered":"\n<p>POL\u00cdTICA<\/p>\n\n\n\n<p>Deputado Eduardo Fortes confirma a site da Capital que pretende disputar elei\u00e7\u00f5es para prefeito de Gurupi pelo PSD e que governador Wanderlei estar\u00e1 em seu palanque<br>Rumores circulam nos bastidores indicando que o parlamentar enfrentava uma situa\u00e7\u00e3o delicada, por ser da base do Pal\u00e1cio Araguaia na Aleto, enquanto Iraj\u00e1 \u00e9 inimigo declarado do governador Wanderlei Barbosa.<br>GURUPI-TO \u2013 O deputado estadual Eduardo Fortes assegurou ao site (AF Noticias) que, caso sua candidatura se concretize, disputar\u00e1 a Prefeitura de Gurupi pelo PSD, partido presidido no Estado pelo senador Iraj\u00e1 Abreu.<\/p>\n\n\n\n<figure class=\"wp-block-image size-full is-resized is-style-default\"><img loading=\"lazy\" decoding=\"async\" width=\"712\" height=\"479\" src=\"https:\/\/focotocantinense.com.br\/wp-content\/uploads\/2024\/03\/IMG-20240303-WA0160-2.jpg\" alt=\"\" class=\"wp-image-6981\" style=\"width:376px\" srcset=\"https:\/\/focotocantinense.com.br\/wp-content\/uploads\/2024\/03\/IMG-20240303-WA0160-2.jpg 712w, https:\/\/focotocantinense.com.br\/wp-content\/uploads\/2024\/03\/IMG-20240303-WA0160-2-300x202.jpg 300w, https:\/\/focotocantinense.com.br\/wp-content\/uploads\/2024\/03\/IMG-20240303-WA0160-2-110x75.jpg 110w\" sizes=\"auto, (max-width: 712px) 100vw, 712px\" \/><\/figure>\n\n\n\n<p>O di\u00e1logo com a reportagem do AFnoticias ocorreu nas depend\u00eancias da Assembleia Legislativa (Aleto) na ter\u00e7a-feira (27\/2).<\/p>\n\n\n\n<p>De acordo com a publica\u00e7\u00e3o, rumores circulam nos bastidores indicando que o parlamentar enfrentava uma situa\u00e7\u00e3o delicada, por ser da base do Pal\u00e1cio Araguaia na Aleto, enquanto Iraj\u00e1 \u00e9 inimigo declarado do governador Wanderlei Barbosa.<\/p>\n\n\n\n<p>Ao ser indagado sobre a aparente contradi\u00e7\u00e3o, Eduardo Fortes enfatizou que tudo est\u00e1 devidamente esclarecido. \u201cTodos os detalhes relacionados ao partido foram resolvidos, e eu permane\u00e7o no PSD\u201d, afirmou. O parlamentar refor\u00e7ou ainda que j\u00e1 est\u00e1 discutindo a composi\u00e7\u00e3o da chapa de vereadores, inclusive com o in\u00edcio de filia\u00e7\u00f5es no PSD nos pr\u00f3ximos dias.<\/p>\n\n\n\n<p>A reportagem perguntou ao deputado se sua pr\u00e9-candidatura contaria com o apoio de Wanderlei, o que foi prontamente confirmado por ele. Fonte: (Af noticias)<\/p>\n","protected":false},"excerpt":{"rendered":"<p>POL\u00cdTICA Deputado Eduardo Fortes confirma a site da Capital que pretende disputar elei\u00e7\u00f5es para prefeito de Gurupi pelo PSD e que governador Wanderlei estar\u00e1 em seu palanqueRumores circulam nos bastidores indicando que o parlamentar enfrentava uma situa\u00e7\u00e3o delicada, por ser da base do Pal\u00e1cio Araguaia na Aleto, enquanto Iraj\u00e1 \u00e9 inimigo declarado do governador Wanderlei &hellip;<\/p>\n","protected":false},"author":5,"featured_media":6981,"comment_status":"open","ping_status":"open","sticky":false,"template":"","format":"standard","meta":{"footnotes":""},"categories":[1],"tags":[],"class_list":["post-6980","post","type-post","status-publish","format-standard","has-post-thumbnail","","category-sem-categoria"],"_links":{"self":[{"href":"https:\/\/focotocantinense.com.br\/index.php?rest_route=\/wp\/v2\/posts\/6980","targetHints":{"allow":["GET"]}}],"collection":[{"href":"https:\/\/focotocantinense.com.br\/index.php?rest_route=\/wp\/v2\/posts"}],"about":[{"href":"https:\/\/focotocantinense.com.br\/index.php?rest_route=\/wp\/v2\/types\/post"}],"author":[{"embeddable":true,"href":"https:\/\/focotocantinense.com.br\/index.php?rest_route=\/wp\/v2\/users\/5"}],"replies":[{"embeddable":true,"href":"https:\/\/focotocantinense.com.br\/index.php?rest_route=%2Fwp%2Fv2%2Fcomments&post=6980"}],"version-history":[{"count":1,"href":"https:\/\/focotocantinense.com.br\/index.php?rest_route=\/wp\/v2\/posts\/6980\/revisions"}],"predecessor-version":[{"id":6982,"href":"https:\/\/focotocantinense.com.br\/index.php?rest_route=\/wp\/v2\/posts\/6980\/revisions\/6982"}],"wp:featuredmedia":[{"embeddable":true,"href":"https:\/\/focotocantinense.com.br\/index.php?rest_route=\/wp\/v2\/media\/6981"}],"wp:attachment":[{"href":"https:\/\/focotocantinense.com.br\/index.php?rest_route=%2Fwp%2Fv2%2Fmedia&parent=6980"}],"wp:term":[{"taxonomy":"category","embeddable":true,"href":"https:\/\/focotocantinense.com.br\/index.php?rest_route=%2Fwp%2Fv2%2Fcategories&post=6980"},{"taxonomy":"post_tag","embeddable":true,"href":"https:\/\/focotocantinense.com.br\/index.php?rest_route=%2Fwp%2Fv2%2Ftags&post=6980"}],"curies":[{"name":"wp","href":"https:\/\/api.w.org\/{rel}","templated":true}]}}