{"id":6968,"date":"2024-03-02T08:00:14","date_gmt":"2024-03-02T11:00:14","guid":{"rendered":"https:\/\/focotocantinense.com.br\/?p=6968"},"modified":"2024-03-02T08:00:14","modified_gmt":"2024-03-02T11:00:14","slug":"festa-das-vogais-movimenta-alunos-da-educacao-infantil-de-tocantinia","status":"publish","type":"post","link":"https:\/\/focotocantinense.com.br\/?p=6968","title":{"rendered":"Festa das Vogais movimenta alunos da educa\u00e7\u00e3o infantil de Tocant\u00ednia"},"content":{"rendered":"\n<p><strong>Por Zacarias Martins<\/strong><\/p>\n\n\n\n<p><br>Com o objetivo de qualificar o contato das crian\u00e7as do Pr\u00e9-escolar II A\/B, com as letras, as professoras Eva L\u00facia e Simara Martins , da Escola Municipal de Educa\u00e7\u00e3o Infantil Tereza Hil\u00e1rio Ribeiro, em Tocant\u00ednia. Organizaram nesta sexta-feira, dia 1\u00ba, a Festa das Vogais.<\/p>\n\n\n\n<p><br>As professoras trouxeram alimentos e objetos cujos nomes come\u00e7am com as letras A, E, I, O e U. Os pequenos alunos ainda foram contemplados com momentos de musicaliza\u00e7\u00e3o, conta\u00e7\u00e3o de hist\u00f3ria e brincadeiras direcionadas, como Pescaria das Vogais e o Pipocando das Vogais.<\/p>\n\n\n\n<p><br>De acordo com a gestora da unidade escolar, Sueli Borges, conseguiu-se trabalhar de forma l\u00fadica e significativa o reconhecimento das vogais e seus sons, e como resultado, as crian\u00e7as demonstraram entusiasmo, curiosidade, interesse, e muita alegria no aprendizado.<\/p>\n\n\n\n<p><br><strong>Viv\u00eancias de aprendizagem<\/strong><br>O secret\u00e1rio de Educa\u00e7\u00e3o de Tocant\u00ednia, professor Andr\u00e9 Goveia, destaca a import\u00e2ncia da organiza\u00e7\u00e3o destes momentos para a Educa\u00e7\u00e3o Infantil, principalmente quando se refere \u00e0s viv\u00eancias de aprendizagem.<\/p>\n\n\n\n<p><br>\u201cPrecisamos garantir as aprendizagens necess\u00e1rias para cada faixa et\u00e1ria e n\u00edvel de ensino. Temos a certeza, no entanto, que a Educa\u00e7\u00e3o Infantil de nosso munic\u00edpio est\u00e1 permanentemente incluindo os alunos neste processo e fornecendo de muitas formas as intera\u00e7\u00f5es e explora\u00e7\u00f5es necess\u00e1rias ao seu desenvolvimento\u201d, afirmou o secret\u00e1rio.<\/p>\n\n\n\n\n\n<p><\/p>\n\n\n\n<figure class=\"wp-block-image size-large\"><img loading=\"lazy\" decoding=\"async\" width=\"1024\" height=\"576\" src=\"https:\/\/focotocantinense.com.br\/wp-content\/uploads\/2024\/03\/3-Festa-das-Vogais-movimenta-alunos-da-educacao-infantil-de-Tocantinia-1024x576.jpg\" alt=\"\" class=\"wp-image-6973\" srcset=\"https:\/\/focotocantinense.com.br\/wp-content\/uploads\/2024\/03\/3-Festa-das-Vogais-movimenta-alunos-da-educacao-infantil-de-Tocantinia-1024x576.jpg 1024w, https:\/\/focotocantinense.com.br\/wp-content\/uploads\/2024\/03\/3-Festa-das-Vogais-movimenta-alunos-da-educacao-infantil-de-Tocantinia-300x169.jpg 300w, https:\/\/focotocantinense.com.br\/wp-content\/uploads\/2024\/03\/3-Festa-das-Vogais-movimenta-alunos-da-educacao-infantil-de-Tocantinia-768x432.jpg 768w, https:\/\/focotocantinense.com.br\/wp-content\/uploads\/2024\/03\/3-Festa-das-Vogais-movimenta-alunos-da-educacao-infantil-de-Tocantinia.jpg 1280w\" sizes=\"auto, (max-width: 1024px) 100vw, 1024px\" \/><\/figure>\n\n\n\n<p><\/p>\n\n\n\n<figure class=\"wp-block-image size-large\"><img loading=\"lazy\" decoding=\"async\" width=\"1024\" height=\"576\" src=\"https:\/\/focotocantinense.com.br\/wp-content\/uploads\/2024\/03\/1-Festa-das-Vogais-movimenta-alunos-da-educacao-infantil-de-Tocantinia-1024x576.jpg\" alt=\"\" class=\"wp-image-6972\" srcset=\"https:\/\/focotocantinense.com.br\/wp-content\/uploads\/2024\/03\/1-Festa-das-Vogais-movimenta-alunos-da-educacao-infantil-de-Tocantinia-1024x576.jpg 1024w, https:\/\/focotocantinense.com.br\/wp-content\/uploads\/2024\/03\/1-Festa-das-Vogais-movimenta-alunos-da-educacao-infantil-de-Tocantinia-300x169.jpg 300w, https:\/\/focotocantinense.com.br\/wp-content\/uploads\/2024\/03\/1-Festa-das-Vogais-movimenta-alunos-da-educacao-infantil-de-Tocantinia-768x432.jpg 768w, https:\/\/focotocantinense.com.br\/wp-content\/uploads\/2024\/03\/1-Festa-das-Vogais-movimenta-alunos-da-educacao-infantil-de-Tocantinia-1536x864.jpg 1536w, https:\/\/focotocantinense.com.br\/wp-content\/uploads\/2024\/03\/1-Festa-das-Vogais-movimenta-alunos-da-educacao-infantil-de-Tocantinia.jpg 1600w\" sizes=\"auto, (max-width: 1024px) 100vw, 1024px\" \/><\/figure>\n\n\n\n<p><\/p>\n\n\n\n<figure class=\"wp-block-image size-large\"><img loading=\"lazy\" decoding=\"async\" width=\"1024\" height=\"768\" src=\"https:\/\/focotocantinense.com.br\/wp-content\/uploads\/2024\/03\/4-Festa-das-Vogais-movimenta-alunos-da-educacao-infantil-de-Tocantinia-1024x768.jpg\" alt=\"\" class=\"wp-image-6971\" srcset=\"https:\/\/focotocantinense.com.br\/wp-content\/uploads\/2024\/03\/4-Festa-das-Vogais-movimenta-alunos-da-educacao-infantil-de-Tocantinia-1024x768.jpg 1024w, https:\/\/focotocantinense.com.br\/wp-content\/uploads\/2024\/03\/4-Festa-das-Vogais-movimenta-alunos-da-educacao-infantil-de-Tocantinia-300x225.jpg 300w, https:\/\/focotocantinense.com.br\/wp-content\/uploads\/2024\/03\/4-Festa-das-Vogais-movimenta-alunos-da-educacao-infantil-de-Tocantinia-768x576.jpg 768w, https:\/\/focotocantinense.com.br\/wp-content\/uploads\/2024\/03\/4-Festa-das-Vogais-movimenta-alunos-da-educacao-infantil-de-Tocantinia-1536x1152.jpg 1536w, https:\/\/focotocantinense.com.br\/wp-content\/uploads\/2024\/03\/4-Festa-das-Vogais-movimenta-alunos-da-educacao-infantil-de-Tocantinia.jpg 1600w\" sizes=\"auto, (max-width: 1024px) 100vw, 1024px\" \/><\/figure>\n\n\n\n<p><\/p>\n\n\n\n<figure class=\"wp-block-image size-full\"><img loading=\"lazy\" decoding=\"async\" width=\"843\" height=\"251\" src=\"https:\/\/focotocantinense.com.br\/wp-content\/uploads\/2024\/03\/VINI_181-1.jpg\" alt=\"\" class=\"wp-image-6970\" srcset=\"https:\/\/focotocantinense.com.br\/wp-content\/uploads\/2024\/03\/VINI_181-1.jpg 843w, https:\/\/focotocantinense.com.br\/wp-content\/uploads\/2024\/03\/VINI_181-1-300x89.jpg 300w, https:\/\/focotocantinense.com.br\/wp-content\/uploads\/2024\/03\/VINI_181-1-768x229.jpg 768w\" sizes=\"auto, (max-width: 843px) 100vw, 843px\" \/><\/figure>\n","protected":false},"excerpt":{"rendered":"<p>Por Zacarias Martins Com o objetivo de qualificar o contato das crian\u00e7as do Pr\u00e9-escolar II A\/B, com as letras, as professoras Eva L\u00facia e Simara Martins , da Escola Municipal de Educa\u00e7\u00e3o Infantil Tereza Hil\u00e1rio Ribeiro, em Tocant\u00ednia. Organizaram nesta sexta-feira, dia 1\u00ba, a Festa das Vogais. As professoras trouxeram alimentos e objetos cujos nomes &hellip;<\/p>\n","protected":false},"author":5,"featured_media":6969,"comment_status":"open","ping_status":"open","sticky":false,"template":"","format":"standard","meta":{"footnotes":""},"categories":[78],"tags":[],"class_list":["post-6968","post","type-post","status-publish","format-standard","has-post-thumbnail","","category-tocantinia"],"_links":{"self":[{"href":"https:\/\/focotocantinense.com.br\/index.php?rest_route=\/wp\/v2\/posts\/6968","targetHints":{"allow":["GET"]}}],"collection":[{"href":"https:\/\/focotocantinense.com.br\/index.php?rest_route=\/wp\/v2\/posts"}],"about":[{"href":"https:\/\/focotocantinense.com.br\/index.php?rest_route=\/wp\/v2\/types\/post"}],"author":[{"embeddable":true,"href":"https:\/\/focotocantinense.com.br\/index.php?rest_route=\/wp\/v2\/users\/5"}],"replies":[{"embeddable":true,"href":"https:\/\/focotocantinense.com.br\/index.php?rest_route=%2Fwp%2Fv2%2Fcomments&post=6968"}],"version-history":[{"count":1,"href":"https:\/\/focotocantinense.com.br\/index.php?rest_route=\/wp\/v2\/posts\/6968\/revisions"}],"predecessor-version":[{"id":6975,"href":"https:\/\/focotocantinense.com.br\/index.php?rest_route=\/wp\/v2\/posts\/6968\/revisions\/6975"}],"wp:featuredmedia":[{"embeddable":true,"href":"https:\/\/focotocantinense.com.br\/index.php?rest_route=\/wp\/v2\/media\/6969"}],"wp:attachment":[{"href":"https:\/\/focotocantinense.com.br\/index.php?rest_route=%2Fwp%2Fv2%2Fmedia&parent=6968"}],"wp:term":[{"taxonomy":"category","embeddable":true,"href":"https:\/\/focotocantinense.com.br\/index.php?rest_route=%2Fwp%2Fv2%2Fcategories&post=6968"},{"taxonomy":"post_tag","embeddable":true,"href":"https:\/\/focotocantinense.com.br\/index.php?rest_route=%2Fwp%2Fv2%2Ftags&post=6968"}],"curies":[{"name":"wp","href":"https:\/\/api.w.org\/{rel}","templated":true}]}}