{"id":6961,"date":"2024-03-01T18:39:02","date_gmt":"2024-03-01T21:39:02","guid":{"rendered":"https:\/\/focotocantinense.com.br\/?p=6961"},"modified":"2024-03-01T18:40:50","modified_gmt":"2024-03-01T21:40:50","slug":"prefeito-joao-alberto-anuncia-novo-reajuste-nos-salarios-dos-professores-de-tocantinia","status":"publish","type":"post","link":"https:\/\/focotocantinense.com.br\/?p=6961","title":{"rendered":"Prefeito Jo\u00e3o Alberto anuncia novo reajuste nos sal\u00e1rios dos professores de Tocant\u00ednia"},"content":{"rendered":"\n<p><strong>Por Zacarias Martins<\/strong><\/p>\n\n\n\n<p>Tendo a preocupa\u00e7\u00e3o de valorizar o trabalho dos professores da Rede Municipal de Educa\u00e7\u00e3o, o prefeito em exerc\u00edcio de Tocant\u00ednia, Jo\u00e3o Alberto Coelho Machado, juntamente com o secret\u00e1rio de Educa\u00e7\u00e3o, professor Andr\u00e9 Goveia, se reuniram com integrantes da&nbsp; Comiss\u00e3o do Plano de Cargos, Carreiras e Remunera\u00e7\u00e3o (<em>PCCR<\/em>) do munic\u00edpio, na manh\u00e3 desta&nbsp; sexta-feira, dia 1\u00ba.<\/p>\n\n\n\n<p>Na oportunidade, o prefeito Jo\u00e3o Alberto anunciou que realizar\u00e1 reajuste de 3,62% nos sal\u00e1rios de todos os professores da Rede Municipal, independente do n\u00edvel. Jo\u00e3o Alberto ainda ressaltou que os valores a serem aplicados nesse percentual j\u00e1 ser\u00e3o aplicados na folha de pagamento referente ao m\u00eas de fevereiro.<\/p>\n\n\n\n<p>Jo\u00e3o Alberto ainda argumentou que \u00e9 fundamental a valoriza\u00e7\u00e3o dos profissionais do magist\u00e9rio por entender se tratar de um investimento na qualidade da educa\u00e7\u00e3o e no futuro da sociedade de Tocant\u00ednia.<\/p>\n\n\n\n<p>\u201cQuando os servidores s\u00e3o valorizados. Eles tamb\u00e9m se sentem &nbsp;estimulados a &nbsp;desempenhar seu papel de forma mais eficaz na forma\u00e7\u00e3o da gera\u00e7\u00e3o futura. Tocant\u00ednia tem procurado ser um exemplo inspirador para constru\u00e7\u00e3o de uma sociedade mais justa por meio da educa\u00e7\u00e3o\u201d, finalizou o prefeito Jo\u00e3o Alberto.<\/p>\n\n\n\n<figure class=\"wp-block-image size-large is-resized\"><img loading=\"lazy\" decoding=\"async\" width=\"1024\" height=\"663\" src=\"https:\/\/focotocantinense.com.br\/wp-content\/uploads\/2024\/03\/2-Prefeito-Joao-Alberto-anuncia-novo-reajuste-nos-salarios-dos-professores-de-Tocantinia-Foto-Edvaldo-Xerente-1024x663.jpg\" alt=\"\" class=\"wp-image-6964\" style=\"width:407px;height:auto\" srcset=\"https:\/\/focotocantinense.com.br\/wp-content\/uploads\/2024\/03\/2-Prefeito-Joao-Alberto-anuncia-novo-reajuste-nos-salarios-dos-professores-de-Tocantinia-Foto-Edvaldo-Xerente-1024x663.jpg 1024w, https:\/\/focotocantinense.com.br\/wp-content\/uploads\/2024\/03\/2-Prefeito-Joao-Alberto-anuncia-novo-reajuste-nos-salarios-dos-professores-de-Tocantinia-Foto-Edvaldo-Xerente-300x194.jpg 300w, https:\/\/focotocantinense.com.br\/wp-content\/uploads\/2024\/03\/2-Prefeito-Joao-Alberto-anuncia-novo-reajuste-nos-salarios-dos-professores-de-Tocantinia-Foto-Edvaldo-Xerente-768x497.jpg 768w, https:\/\/focotocantinense.com.br\/wp-content\/uploads\/2024\/03\/2-Prefeito-Joao-Alberto-anuncia-novo-reajuste-nos-salarios-dos-professores-de-Tocantinia-Foto-Edvaldo-Xerente-1536x995.jpg 1536w, https:\/\/focotocantinense.com.br\/wp-content\/uploads\/2024\/03\/2-Prefeito-Joao-Alberto-anuncia-novo-reajuste-nos-salarios-dos-professores-de-Tocantinia-Foto-Edvaldo-Xerente.jpg 1600w\" sizes=\"auto, (max-width: 1024px) 100vw, 1024px\" \/><\/figure>\n\n\n\n<p><\/p>\n\n\n\n<figure class=\"wp-block-image size-large\"><img loading=\"lazy\" decoding=\"async\" width=\"1024\" height=\"701\" src=\"https:\/\/focotocantinense.com.br\/wp-content\/uploads\/2024\/03\/1-Prefeito-Joao-Alberto-anuncia-novo-reajuste-nos-salarios-dos-professores-de-Tocantinia-Foto-Edvaldo-Xerente-1024x701.jpg\" alt=\"\" class=\"wp-image-6963\" srcset=\"https:\/\/focotocantinense.com.br\/wp-content\/uploads\/2024\/03\/1-Prefeito-Joao-Alberto-anuncia-novo-reajuste-nos-salarios-dos-professores-de-Tocantinia-Foto-Edvaldo-Xerente-1024x701.jpg 1024w, https:\/\/focotocantinense.com.br\/wp-content\/uploads\/2024\/03\/1-Prefeito-Joao-Alberto-anuncia-novo-reajuste-nos-salarios-dos-professores-de-Tocantinia-Foto-Edvaldo-Xerente-300x206.jpg 300w, https:\/\/focotocantinense.com.br\/wp-content\/uploads\/2024\/03\/1-Prefeito-Joao-Alberto-anuncia-novo-reajuste-nos-salarios-dos-professores-de-Tocantinia-Foto-Edvaldo-Xerente-768x526.jpg 768w, https:\/\/focotocantinense.com.br\/wp-content\/uploads\/2024\/03\/1-Prefeito-Joao-Alberto-anuncia-novo-reajuste-nos-salarios-dos-professores-de-Tocantinia-Foto-Edvaldo-Xerente-1536x1052.jpg 1536w, https:\/\/focotocantinense.com.br\/wp-content\/uploads\/2024\/03\/1-Prefeito-Joao-Alberto-anuncia-novo-reajuste-nos-salarios-dos-professores-de-Tocantinia-Foto-Edvaldo-Xerente-110x75.jpg 110w, https:\/\/focotocantinense.com.br\/wp-content\/uploads\/2024\/03\/1-Prefeito-Joao-Alberto-anuncia-novo-reajuste-nos-salarios-dos-professores-de-Tocantinia-Foto-Edvaldo-Xerente.jpg 1600w\" sizes=\"auto, (max-width: 1024px) 100vw, 1024px\" \/><\/figure>\n\n\n\n<p><\/p>\n\n\n\n<figure class=\"wp-block-image size-full\"><img loading=\"lazy\" decoding=\"async\" width=\"640\" height=\"193\" src=\"https:\/\/focotocantinense.com.br\/wp-content\/uploads\/2024\/03\/VINI_181.jpg\" alt=\"\" class=\"wp-image-6962\" srcset=\"https:\/\/focotocantinense.com.br\/wp-content\/uploads\/2024\/03\/VINI_181.jpg 640w, https:\/\/focotocantinense.com.br\/wp-content\/uploads\/2024\/03\/VINI_181-300x90.jpg 300w\" sizes=\"auto, (max-width: 640px) 100vw, 640px\" \/><\/figure>\n","protected":false},"excerpt":{"rendered":"<p>Por Zacarias Martins Tendo a preocupa\u00e7\u00e3o de valorizar o trabalho dos professores da Rede Municipal de Educa\u00e7\u00e3o, o prefeito em exerc\u00edcio de Tocant\u00ednia, Jo\u00e3o Alberto Coelho Machado, juntamente com o secret\u00e1rio de Educa\u00e7\u00e3o, professor Andr\u00e9 Goveia, se reuniram com integrantes da&nbsp; Comiss\u00e3o do Plano de Cargos, Carreiras e Remunera\u00e7\u00e3o (PCCR) do munic\u00edpio, na manh\u00e3 desta&nbsp; &hellip;<\/p>\n","protected":false},"author":5,"featured_media":6964,"comment_status":"open","ping_status":"open","sticky":false,"template":"","format":"standard","meta":{"footnotes":""},"categories":[1,78],"tags":[],"class_list":["post-6961","post","type-post","status-publish","format-standard","has-post-thumbnail","","category-sem-categoria","category-tocantinia"],"_links":{"self":[{"href":"https:\/\/focotocantinense.com.br\/index.php?rest_route=\/wp\/v2\/posts\/6961","targetHints":{"allow":["GET"]}}],"collection":[{"href":"https:\/\/focotocantinense.com.br\/index.php?rest_route=\/wp\/v2\/posts"}],"about":[{"href":"https:\/\/focotocantinense.com.br\/index.php?rest_route=\/wp\/v2\/types\/post"}],"author":[{"embeddable":true,"href":"https:\/\/focotocantinense.com.br\/index.php?rest_route=\/wp\/v2\/users\/5"}],"replies":[{"embeddable":true,"href":"https:\/\/focotocantinense.com.br\/index.php?rest_route=%2Fwp%2Fv2%2Fcomments&post=6961"}],"version-history":[{"count":2,"href":"https:\/\/focotocantinense.com.br\/index.php?rest_route=\/wp\/v2\/posts\/6961\/revisions"}],"predecessor-version":[{"id":6966,"href":"https:\/\/focotocantinense.com.br\/index.php?rest_route=\/wp\/v2\/posts\/6961\/revisions\/6966"}],"wp:featuredmedia":[{"embeddable":true,"href":"https:\/\/focotocantinense.com.br\/index.php?rest_route=\/wp\/v2\/media\/6964"}],"wp:attachment":[{"href":"https:\/\/focotocantinense.com.br\/index.php?rest_route=%2Fwp%2Fv2%2Fmedia&parent=6961"}],"wp:term":[{"taxonomy":"category","embeddable":true,"href":"https:\/\/focotocantinense.com.br\/index.php?rest_route=%2Fwp%2Fv2%2Fcategories&post=6961"},{"taxonomy":"post_tag","embeddable":true,"href":"https:\/\/focotocantinense.com.br\/index.php?rest_route=%2Fwp%2Fv2%2Ftags&post=6961"}],"curies":[{"name":"wp","href":"https:\/\/api.w.org\/{rel}","templated":true}]}}