{"id":6955,"date":"2024-03-01T14:47:05","date_gmt":"2024-03-01T17:47:05","guid":{"rendered":"https:\/\/focotocantinense.com.br\/?p=6955"},"modified":"2024-03-01T14:47:05","modified_gmt":"2024-03-01T17:47:05","slug":"deputado-federal-antonio-andrade-e-governador-wanderlei-barbosa-prestigiam-sessao-solene-que-marcou-os-35-anos-de-criacao-da-assembleia-legislativa-do-tocantins","status":"publish","type":"post","link":"https:\/\/focotocantinense.com.br\/?p=6955","title":{"rendered":"Deputado Federal Antonio Andrade e governador Wanderlei Barbosa prestigiam sess\u00e3o solene que marcou os 35 anos de cria\u00e7\u00e3o da Assembleia Legislativa do Tocantins"},"content":{"rendered":"\n<p>A solenidade contou com programa\u00e7\u00e3o especial<\/p>\n\n\n\n<p>Os 35 anos de cria\u00e7\u00e3o da Assembleia Legislativa do Tocantins foram comemorados nesta quinta-feira, 29, em sess\u00e3o solene proposta pelo presidente da Aleto, o deputado Am\u00e9lio Cayres (Republicanos).<\/p>\n\n\n\n<p>A ocasi\u00e3o, contou com a presen\u00e7a do governador Wanderlei Barbosa, al\u00e9m de autoridades do legislativo, executivo, judici\u00e1rio e da sociedade civil.<\/p>\n\n\n\n<p>Em ato marcante, a Aleto homenageou personalidades importantes que contribu\u00edram com o fortalecimento da Assembleia Legislativa, bem como com o desenvolvimento do Estado.<\/p>\n\n\n\n<p>Em entrevista, Andrade falou da emo\u00e7\u00e3o e alegria em participar da solenidade. \u201cTive a grata honra de ser deputado estadual por 4 mandatos e por 2 vezes ser o Presidente desta honrada Casa, sendo eleito por unanimidade pelos demais pares, de modo que esse plen\u00e1rio \u00e9 muito importante para mim. Aqui fiz amigos e trabalhei incansavelmente em prol do Tocantins e do nosso povo, estou muito feliz e honrado\u201d, frisou.<\/p>\n\n\n\n<p>Assessoria de Comunica\u00e7\u00e3o \u2013 Deputado Federal Antonio Andrade<\/p>\n","protected":false},"excerpt":{"rendered":"<p>A solenidade contou com programa\u00e7\u00e3o especial Os 35 anos de cria\u00e7\u00e3o da Assembleia Legislativa do Tocantins foram comemorados nesta quinta-feira, 29, em sess\u00e3o solene proposta pelo presidente da Aleto, o deputado Am\u00e9lio Cayres (Republicanos). A ocasi\u00e3o, contou com a presen\u00e7a do governador Wanderlei Barbosa, al\u00e9m de autoridades do legislativo, executivo, judici\u00e1rio e da sociedade civil. &hellip;<\/p>\n","protected":false},"author":5,"featured_media":6956,"comment_status":"open","ping_status":"open","sticky":false,"template":"","format":"standard","meta":{"footnotes":""},"categories":[1],"tags":[],"class_list":["post-6955","post","type-post","status-publish","format-standard","has-post-thumbnail","","category-sem-categoria"],"_links":{"self":[{"href":"https:\/\/focotocantinense.com.br\/index.php?rest_route=\/wp\/v2\/posts\/6955","targetHints":{"allow":["GET"]}}],"collection":[{"href":"https:\/\/focotocantinense.com.br\/index.php?rest_route=\/wp\/v2\/posts"}],"about":[{"href":"https:\/\/focotocantinense.com.br\/index.php?rest_route=\/wp\/v2\/types\/post"}],"author":[{"embeddable":true,"href":"https:\/\/focotocantinense.com.br\/index.php?rest_route=\/wp\/v2\/users\/5"}],"replies":[{"embeddable":true,"href":"https:\/\/focotocantinense.com.br\/index.php?rest_route=%2Fwp%2Fv2%2Fcomments&post=6955"}],"version-history":[{"count":1,"href":"https:\/\/focotocantinense.com.br\/index.php?rest_route=\/wp\/v2\/posts\/6955\/revisions"}],"predecessor-version":[{"id":6957,"href":"https:\/\/focotocantinense.com.br\/index.php?rest_route=\/wp\/v2\/posts\/6955\/revisions\/6957"}],"wp:featuredmedia":[{"embeddable":true,"href":"https:\/\/focotocantinense.com.br\/index.php?rest_route=\/wp\/v2\/media\/6956"}],"wp:attachment":[{"href":"https:\/\/focotocantinense.com.br\/index.php?rest_route=%2Fwp%2Fv2%2Fmedia&parent=6955"}],"wp:term":[{"taxonomy":"category","embeddable":true,"href":"https:\/\/focotocantinense.com.br\/index.php?rest_route=%2Fwp%2Fv2%2Fcategories&post=6955"},{"taxonomy":"post_tag","embeddable":true,"href":"https:\/\/focotocantinense.com.br\/index.php?rest_route=%2Fwp%2Fv2%2Ftags&post=6955"}],"curies":[{"name":"wp","href":"https:\/\/api.w.org\/{rel}","templated":true}]}}