{"id":6930,"date":"2024-02-22T16:04:29","date_gmt":"2024-02-22T19:04:29","guid":{"rendered":"https:\/\/focotocantinense.com.br\/?p=6930"},"modified":"2024-02-22T16:04:30","modified_gmt":"2024-02-22T19:04:30","slug":"projeto-de-antonio-andrade-torna-obrigatorio-curso-de-brigadista-voluntario-nas-escolas","status":"publish","type":"post","link":"https:\/\/focotocantinense.com.br\/?p=6930","title":{"rendered":"Projeto de Antonio Andrade torna obrigat\u00f3rio curso de brigadista volunt\u00e1rio nas escolas"},"content":{"rendered":"\n<p>Forma\u00e7\u00e3o dever\u00e1 ser inclu\u00edda no calend\u00e1rio anual e poder\u00e1 ocorrer em parceria com o Corpo de Bombeiros<\/p>\n\n\n\n<p>O Projeto de Lei 6224\/23, de autoria do deputado federal Antonio Andrade (Republicanos- TO), torna obrigat\u00f3rio nas escolas \u00e0 oferta do curso de forma\u00e7\u00e3o de brigadistas volunt\u00e1rios para alunos e professores. O texto exclui alunos do ensino fundamental da regra.<\/p>\n\n\n\n<p>Esse curso dever\u00e1 ser inclu\u00eddo no calend\u00e1rio anual e poder\u00e1 ocorrer em parceria com o Corpo de Bombeiros Militar, com as Brigadas de Combate a Inc\u00eandio e com as secretarias de Sa\u00fade, al\u00e9m de outros \u00f3rg\u00e3os p\u00fablicos afins. \u201cEm pr\u00e9dios comerciais, s\u00e3o comuns os bombeiros civis, treinados e habilitados, mas nas escolas n\u00e3o h\u00e1 ainda equipe de brigadistas\u201d, disse o deputado.<\/p>\n\n\n\n<p>Conforme a proposta, o Curso de Forma\u00e7\u00e3o de Brigadistas Volunt\u00e1rios dever\u00e1 ter carga m\u00ednima de oito horas, com conte\u00fado program\u00e1tico em duas partes. A primeira, de no\u00e7\u00f5es b\u00e1sicas de atendimento pr\u00e9-hospitalar e a segunda, de no\u00e7\u00f5es b\u00e1sicas de preven\u00e7\u00e3o e combate a inc\u00eandios.<\/p>\n\n\n\n<p>Ainda de acordo com o projeto, as escolas tamb\u00e9m dever\u00e3o elaborar o Plano de Abandono da Edifica\u00e7\u00e3o, que dever\u00e1 ser de conhecimento da comunidade escolar, com pelo menos uma simula\u00e7\u00e3o por semestre.<\/p>\n\n\n\n<p>O projeto ser\u00e1 analisado pelas comiss\u00f5es de Educa\u00e7\u00e3o; de Integra\u00e7\u00e3o Nacional e Desenvolvimento Regional; e de Constitui\u00e7\u00e3o e Justi\u00e7a e de Cidadania.<\/p>\n\n\n\n<p>Via Ag\u00eancia Republicana de Comunica\u00e7\u00e3o (ARCO) &#8211; Foto: Douglas Gome<\/p>\n","protected":false},"excerpt":{"rendered":"<p>Forma\u00e7\u00e3o dever\u00e1 ser inclu\u00edda no calend\u00e1rio anual e poder\u00e1 ocorrer em parceria com o Corpo de Bombeiros O Projeto de Lei 6224\/23, de autoria do deputado federal Antonio Andrade (Republicanos- TO), torna obrigat\u00f3rio nas escolas \u00e0 oferta do curso de forma\u00e7\u00e3o de brigadistas volunt\u00e1rios para alunos e professores. O texto exclui alunos do ensino fundamental &hellip;<\/p>\n","protected":false},"author":5,"featured_media":6931,"comment_status":"open","ping_status":"open","sticky":false,"template":"","format":"standard","meta":{"footnotes":""},"categories":[1],"tags":[],"class_list":["post-6930","post","type-post","status-publish","format-standard","has-post-thumbnail","","category-sem-categoria"],"_links":{"self":[{"href":"https:\/\/focotocantinense.com.br\/index.php?rest_route=\/wp\/v2\/posts\/6930","targetHints":{"allow":["GET"]}}],"collection":[{"href":"https:\/\/focotocantinense.com.br\/index.php?rest_route=\/wp\/v2\/posts"}],"about":[{"href":"https:\/\/focotocantinense.com.br\/index.php?rest_route=\/wp\/v2\/types\/post"}],"author":[{"embeddable":true,"href":"https:\/\/focotocantinense.com.br\/index.php?rest_route=\/wp\/v2\/users\/5"}],"replies":[{"embeddable":true,"href":"https:\/\/focotocantinense.com.br\/index.php?rest_route=%2Fwp%2Fv2%2Fcomments&post=6930"}],"version-history":[{"count":1,"href":"https:\/\/focotocantinense.com.br\/index.php?rest_route=\/wp\/v2\/posts\/6930\/revisions"}],"predecessor-version":[{"id":6932,"href":"https:\/\/focotocantinense.com.br\/index.php?rest_route=\/wp\/v2\/posts\/6930\/revisions\/6932"}],"wp:featuredmedia":[{"embeddable":true,"href":"https:\/\/focotocantinense.com.br\/index.php?rest_route=\/wp\/v2\/media\/6931"}],"wp:attachment":[{"href":"https:\/\/focotocantinense.com.br\/index.php?rest_route=%2Fwp%2Fv2%2Fmedia&parent=6930"}],"wp:term":[{"taxonomy":"category","embeddable":true,"href":"https:\/\/focotocantinense.com.br\/index.php?rest_route=%2Fwp%2Fv2%2Fcategories&post=6930"},{"taxonomy":"post_tag","embeddable":true,"href":"https:\/\/focotocantinense.com.br\/index.php?rest_route=%2Fwp%2Fv2%2Ftags&post=6930"}],"curies":[{"name":"wp","href":"https:\/\/api.w.org\/{rel}","templated":true}]}}