{"id":693,"date":"2021-02-16T19:58:52","date_gmt":"2021-02-16T22:58:52","guid":{"rendered":"http:\/\/focotocantinense.com.br\/?p=693"},"modified":"2021-02-16T19:58:53","modified_gmt":"2021-02-16T22:58:53","slug":"egressos-do-senai-conquistam-vagas-no-mercado-de-trabalho-em-gurupi","status":"publish","type":"post","link":"https:\/\/focotocantinense.com.br\/?p=693","title":{"rendered":"Egressos do SENAI conquistam vagas no mercado de trabalho em Gurupi."},"content":{"rendered":"\n<p>A proposta de formar m\u00e3o de obra preparada para o mercado de trabalho tem sido cumprida pelo Servi\u00e7o Nacional de Aprendizagem Industrial (SENAI) que comemora duas contrata\u00e7\u00f5es de ex-alunos pela Transportadora e Distribuidora de Bebidas CEMAR em Gurupi. Egressos do curso T\u00e9cnico em Administra\u00e7\u00e3o do SENAI, Mateus Cirqueira, de 20 anos, e Luan Martins, de 18 anos, foram contratados pela empresa, ap\u00f3s se destacarem na turma oferecida na modalidade de Educa\u00e7\u00e3o B\u00e1sica e Educa\u00e7\u00e3o Profissional (EBEP) que alia o ensino regular com a forma\u00e7\u00e3o t\u00e9cnica. \u201cOs alunos desenvolveram habilidades, compet\u00eancias comportamentais e t\u00e9cnicas que foram fundamentais para ingressar no mercado de trabalho de uma empresa que desempenha um excelente trabalho no ramo de bebidas sendo reconhecida pelo padr\u00e3o AMBEV de n\u00edvel mundial\u201d, avaliou o instrutor do SENAI que acompanhou os alunos, Eur\u00edpedes Martins. A diretora comercial da CEMAR, Maria Eug\u00eania Pedroza, confirma o diferencial encontrado nestes jovens que influenciou na efetiva\u00e7\u00e3o dentro da empresa. \u201cO Luan e o Mateus j\u00e1 vieram com preparo e com for\u00e7a de vontade, eles j\u00e1 estavam a frente dos demais e a gente conseguiu dar essa oportunidade. Acredito que o diferencial deles foi de j\u00e1 terem conhecimento te\u00f3rico para que agora, na pr\u00e1tica, possam juntar o que eles aprenderam no SENAI com a viv\u00eancia do mercado de trabalho\u201d, disse Maria Eug\u00eania. Ocupando um cargo, agora efetivo, na Central de Monitoramento da CEMAR o jovem Luan Martins comentou sobre como o que foi aprendido em sala o ajudou na sua contrata\u00e7\u00e3o. \u201cO curso foi a base de tudo, desde os princ\u00edpios mais b\u00e1sicos aos fundamentos mais complexos como o manuseio de planilhas. Na minha seletiva eu tive que fazer provas te\u00f3ricas e pr\u00e1ticas de Excel e foi nesse momento que eu vi o qu\u00e3o importante o curso foi na minha vida\u201d, falou sobre a aprova\u00e7\u00e3o e contrata\u00e7\u00e3o. Hoje analista de Frotas na empresa, o Mateus Cirqueira tamb\u00e9m refor\u00e7ou sua participa\u00e7\u00e3o no curso do SENAI como decisivo para sua contrata\u00e7\u00e3o. \u201cNo mercado de trabalho do Brasil n\u00e3o \u00e9 f\u00e1cil de entrar sem ter alguma experi\u00eancia ou indica\u00e7\u00e3o. Ent\u00e3o para os jovens \u00e9 muito complicado iniciar nesse meio sem ter nenhum desses quesitos, mas gra\u00e7as ao curso do SENAI meu curr\u00edculo valorizou bastante, pois anteriormente eu n\u00e3o tinha nada demais para agradar os empregadores e o SENAI me ajudou muito nisso\u201d, observou o egresso.<\/p>\n","protected":false},"excerpt":{"rendered":"<p>A proposta de formar m\u00e3o de obra preparada para o mercado de trabalho tem sido cumprida pelo Servi\u00e7o Nacional de Aprendizagem Industrial (SENAI) que comemora duas contrata\u00e7\u00f5es de ex-alunos pela Transportadora e Distribuidora de Bebidas CEMAR em Gurupi. Egressos do curso T\u00e9cnico em Administra\u00e7\u00e3o do SENAI, Mateus Cirqueira, de 20 anos, e Luan Martins, de &hellip;<\/p>\n","protected":false},"author":1,"featured_media":694,"comment_status":"open","ping_status":"open","sticky":false,"template":"","format":"standard","meta":{"footnotes":""},"categories":[38,1],"tags":[],"class_list":["post-693","post","type-post","status-publish","format-standard","has-post-thumbnail","","category-gurupi","category-sem-categoria"],"_links":{"self":[{"href":"https:\/\/focotocantinense.com.br\/index.php?rest_route=\/wp\/v2\/posts\/693","targetHints":{"allow":["GET"]}}],"collection":[{"href":"https:\/\/focotocantinense.com.br\/index.php?rest_route=\/wp\/v2\/posts"}],"about":[{"href":"https:\/\/focotocantinense.com.br\/index.php?rest_route=\/wp\/v2\/types\/post"}],"author":[{"embeddable":true,"href":"https:\/\/focotocantinense.com.br\/index.php?rest_route=\/wp\/v2\/users\/1"}],"replies":[{"embeddable":true,"href":"https:\/\/focotocantinense.com.br\/index.php?rest_route=%2Fwp%2Fv2%2Fcomments&post=693"}],"version-history":[{"count":1,"href":"https:\/\/focotocantinense.com.br\/index.php?rest_route=\/wp\/v2\/posts\/693\/revisions"}],"predecessor-version":[{"id":695,"href":"https:\/\/focotocantinense.com.br\/index.php?rest_route=\/wp\/v2\/posts\/693\/revisions\/695"}],"wp:featuredmedia":[{"embeddable":true,"href":"https:\/\/focotocantinense.com.br\/index.php?rest_route=\/wp\/v2\/media\/694"}],"wp:attachment":[{"href":"https:\/\/focotocantinense.com.br\/index.php?rest_route=%2Fwp%2Fv2%2Fmedia&parent=693"}],"wp:term":[{"taxonomy":"category","embeddable":true,"href":"https:\/\/focotocantinense.com.br\/index.php?rest_route=%2Fwp%2Fv2%2Fcategories&post=693"},{"taxonomy":"post_tag","embeddable":true,"href":"https:\/\/focotocantinense.com.br\/index.php?rest_route=%2Fwp%2Fv2%2Ftags&post=693"}],"curies":[{"name":"wp","href":"https:\/\/api.w.org\/{rel}","templated":true}]}}