{"id":6927,"date":"2024-02-22T12:00:38","date_gmt":"2024-02-22T15:00:38","guid":{"rendered":"https:\/\/focotocantinense.com.br\/?p=6927"},"modified":"2024-02-22T12:00:38","modified_gmt":"2024-02-22T15:00:38","slug":"deputado-antonio-andrade-oficializa-emenda-para-compra-de-mamografo-destinado-ao-hospital-dom-orione","status":"publish","type":"post","link":"https:\/\/focotocantinense.com.br\/?p=6927","title":{"rendered":"Deputado Antonio Andrade oficializa emenda para compra de mam\u00f3grafo destinado ao Hospital Dom Orione"},"content":{"rendered":"\n<p>O Deputado Federal Antonio Andrade (Republicanos) recebeu nesta quarta-feira (21\/02), em seu gabinete na C\u00e2mara Federal em Bras\u00edlia, a diretoria do Hospital Dom Orione de Aragua\u00edna. O parlamentar anunciou em v\u00eddeo a destina\u00e7\u00e3o de uma emenda parlamentar para compra de um novo mam\u00f3grafo para a institui\u00e7\u00e3o.<\/p>\n\n\n\n<p>O mam\u00f3grafo \u00e9 um equipamento essencial para a realiza\u00e7\u00e3o de exames de imagem que auxiliam na detec\u00e7\u00e3o de tumores mam\u00e1rios. Com o novo equipamento, o Hospital Dom Orione poder\u00e1 oferecer uma melhor qualidade de diagn\u00f3stico e tratamento para as mulheres da regi\u00e3o do Bico do Papagaio, reduzindo os prazos de espera e aumentando a precis\u00e3o nos resultados.<\/p>\n\n\n\n<p>Antonio Andrade ressaltou a import\u00e2ncia da destina\u00e7\u00e3o do recurso para a institui\u00e7\u00e3o. &#8220;Isso \u00e9 uma forma da gente retribuir o belo trabalho que o hospital faz pelo nosso Estado. Esse mam\u00f3grafo vai trazer melhorias e tirar o sofrimento de muitas mulheres. Agrade\u00e7o a Deus a oportunidade de ajudar toda a regi\u00e3o norte do nosso Estado.&#8221;<\/p>\n\n\n\n<p>A diretoria do Hospital Dom Orione demonstrou gratid\u00e3o pela emenda parlamentar. \u201cO deputado Toinho assumiu o compromisso da compra do mam\u00f3grafo de ultima gera\u00e7\u00e3o. Ele prometeu e cumpriu. Estamos aqui para agradecer o deputado. Ele \u00e9 um amigo do nosso hospital\u201d, agradeceu o Padre Bruno Rodrigues, diretor presidente do Hospital.<\/p>\n\n\n\n<p>A aquisi\u00e7\u00e3o do mam\u00f3grafo \u00e9 um marco importante para a sa\u00fade da regi\u00e3o, uma vez que permitir\u00e1 a amplia\u00e7\u00e3o da capacidade de atendimento do Hospital e o fortalecimento das a\u00e7\u00f5es de preven\u00e7\u00e3o e combate ao c\u00e2ncer de mama. Tamb\u00e9m acompanhou a visita o Superintendente Executivo do hospital, Osvair Cunha.<\/p>\n\n\n\n<p>Hospital Dom Orione<\/p>\n\n\n\n<p>\u00c9 o \u00fanico hospital filantr\u00f3pico do Estado do Tocantins, e atua de forma complementar no Sistema \u00danico de Sa\u00fade (SUS). O atendimento vai desde consultas ambulatoriais a procedimentos de alta complexidade. Atualmente, o hospital conta com 239 leitos.<\/p>\n\n\n\n<p>Assessoria de Comunica\u00e7\u00e3o \u2013 Deputado Federal Antonio Andrade<\/p>\n","protected":false},"excerpt":{"rendered":"<p>O Deputado Federal Antonio Andrade (Republicanos) recebeu nesta quarta-feira (21\/02), em seu gabinete na C\u00e2mara Federal em Bras\u00edlia, a diretoria do Hospital Dom Orione de Aragua\u00edna. O parlamentar anunciou em v\u00eddeo a destina\u00e7\u00e3o de uma emenda parlamentar para compra de um novo mam\u00f3grafo para a institui\u00e7\u00e3o. O mam\u00f3grafo \u00e9 um equipamento essencial para a realiza\u00e7\u00e3o &hellip;<\/p>\n","protected":false},"author":5,"featured_media":6928,"comment_status":"open","ping_status":"open","sticky":false,"template":"","format":"standard","meta":{"footnotes":""},"categories":[1],"tags":[],"class_list":["post-6927","post","type-post","status-publish","format-standard","has-post-thumbnail","","category-sem-categoria"],"_links":{"self":[{"href":"https:\/\/focotocantinense.com.br\/index.php?rest_route=\/wp\/v2\/posts\/6927","targetHints":{"allow":["GET"]}}],"collection":[{"href":"https:\/\/focotocantinense.com.br\/index.php?rest_route=\/wp\/v2\/posts"}],"about":[{"href":"https:\/\/focotocantinense.com.br\/index.php?rest_route=\/wp\/v2\/types\/post"}],"author":[{"embeddable":true,"href":"https:\/\/focotocantinense.com.br\/index.php?rest_route=\/wp\/v2\/users\/5"}],"replies":[{"embeddable":true,"href":"https:\/\/focotocantinense.com.br\/index.php?rest_route=%2Fwp%2Fv2%2Fcomments&post=6927"}],"version-history":[{"count":1,"href":"https:\/\/focotocantinense.com.br\/index.php?rest_route=\/wp\/v2\/posts\/6927\/revisions"}],"predecessor-version":[{"id":6929,"href":"https:\/\/focotocantinense.com.br\/index.php?rest_route=\/wp\/v2\/posts\/6927\/revisions\/6929"}],"wp:featuredmedia":[{"embeddable":true,"href":"https:\/\/focotocantinense.com.br\/index.php?rest_route=\/wp\/v2\/media\/6928"}],"wp:attachment":[{"href":"https:\/\/focotocantinense.com.br\/index.php?rest_route=%2Fwp%2Fv2%2Fmedia&parent=6927"}],"wp:term":[{"taxonomy":"category","embeddable":true,"href":"https:\/\/focotocantinense.com.br\/index.php?rest_route=%2Fwp%2Fv2%2Fcategories&post=6927"},{"taxonomy":"post_tag","embeddable":true,"href":"https:\/\/focotocantinense.com.br\/index.php?rest_route=%2Fwp%2Fv2%2Ftags&post=6927"}],"curies":[{"name":"wp","href":"https:\/\/api.w.org\/{rel}","templated":true}]}}