{"id":6915,"date":"2024-02-21T11:41:44","date_gmt":"2024-02-21T14:41:44","guid":{"rendered":"https:\/\/focotocantinense.com.br\/?p=6915"},"modified":"2024-02-21T14:12:46","modified_gmt":"2024-02-21T17:12:46","slug":"acao-de-incentivo-a-leitura-movimenta-escola-municipal-de-tocantinia","status":"publish","type":"post","link":"https:\/\/focotocantinense.com.br\/?p=6915","title":{"rendered":"A\u00e7\u00e3o de incentivo \u00e0 leitura movimenta escola municipal de Tocant\u00ednia"},"content":{"rendered":"\n<p>Dentro do leque de a\u00e7\u00f5es colocadas em pr\u00e1tica nas escolas p\u00fablicas&nbsp;&nbsp; pela Secretaria Municipal de Educa\u00e7\u00e3o de Tocant\u00ednia,&nbsp;&nbsp; &nbsp;visando&nbsp; incentivar o h\u00e1bito da leitura e a produ\u00e7\u00e3o textual, o poeta, jornalista e ativista cultural&nbsp; Zacarias Martins participou nesta ter\u00e7a-feira, dia 20, de uma&nbsp; animada roda de conversa liter\u00e1ria, cujo p\u00fablico-alvo foram os alunos&nbsp; da Escola Municipal Professor Constantino Pedro de Castro.<\/p>\n\n\n\n<p>Utilizando-se de uma maneira l\u00fadica e criativa,&nbsp; Zacarias Martins desenvolveu uma din\u00e2mica pedag\u00f3gica a partir de exemplares do jornal Daqui,&nbsp; justificando essa estrat\u00e9gia pelo fato do peri\u00f3dico ser o \u00fanico ve\u00edculo de comunica\u00e7\u00e3o impresso&nbsp; di\u00e1rio no Tocantins e tamb\u00e9m por adotar na sua linha editorial um linguajar que vai ao encontro do entendimento popular.<\/p>\n\n\n\n<p>\u201cCom os alunos trabalhamos&nbsp;&nbsp; as v\u00e1rias editorias&nbsp; do Daqui, inclusive, as receitas de doces e salgados, passando por assuntos policiais, variedades&nbsp; e esportes, dentre outras. No final, promovemos o sorteio de v\u00e1rios brindes e livros infantis para os alunos\u201d, esclareceu o poeta.<\/p>\n\n\n\n<p><strong>Autor peculiar<\/strong><\/p>\n\n\n\n<p>O secret\u00e1rio de Educa\u00e7\u00e3o de Tocant\u00ednia, professor Andr\u00e9 Goveia, disse que \u00e9 sempre gratificante esse contato do poeta com os alunos do munic\u00edpio, explicando que a sua ida \u00e0s escolas do munic\u00edpio faz&nbsp;parte do Projeto Leitura Viva que, ao longo de sua exist\u00eancia tem apresentado resultados promissores.<\/p>\n\n\n\n<p>\u201c\u00c9 uma experi\u00eancia enriquecedora, especialmente, pelo fato&nbsp;&nbsp; de Zacarias Martins, al\u00e9m de jornalista,&nbsp; ser um dos grandes expoentes da literatura tocantinense, um autor premiado nacionalmente e que tem uma maneira toda peculiar de transmitir conhecimento de forma l\u00fadica e bem atrativa para os alunos\u201d, destacou o secret\u00e1rio, ressaltando a determina\u00e7\u00e3o do prefeito&nbsp; Jo\u00e3o Alberto para que os&nbsp; alunos da Rede Municipal de Educa\u00e7\u00e3o sejam sempre contemplados com a\u00e7\u00f5es que incentivem o&nbsp;&nbsp; h\u00e1bito salutar da leitura.<\/p>\n\n\n\n<p>J\u00e1 a professora&nbsp; Jucilene Martins Louzeira, gestora da unidade escolar, disse que ficou&nbsp; muito honrada com a presen\u00e7a do ilustre intelectual&nbsp; em sua escola.<\/p>\n\n\n\n<p>\u201cFoi um momento \u00edmpar, de muita intera\u00e7\u00e3o entre o autor e os alunos.\u00a0 Na verdade, foi uma aula diferenciada, onde todos tiveram a oportunidade de adquirir novos conhecimentos que ser\u00e3o muito \u00fateis na vida futura desses alunos. Agrade\u00e7o muito pela presen\u00e7a de Zacarias Martins em nossa escola, e espero que ele volte mais vezes\u201d, finalizou a gestora.<\/p>\n\n\n\n<figure class=\"wp-block-image size-full is-resized\"><img loading=\"lazy\" decoding=\"async\" width=\"372\" height=\"330\" src=\"https:\/\/focotocantinense.com.br\/wp-content\/uploads\/2024\/02\/xxxxxxxxxxxxxxxxxxxxxxxxxxxxx.jpeg\" alt=\"\" class=\"wp-image-6922\" style=\"width:840px;height:auto\" srcset=\"https:\/\/focotocantinense.com.br\/wp-content\/uploads\/2024\/02\/xxxxxxxxxxxxxxxxxxxxxxxxxxxxx.jpeg 372w, https:\/\/focotocantinense.com.br\/wp-content\/uploads\/2024\/02\/xxxxxxxxxxxxxxxxxxxxxxxxxxxxx-300x266.jpeg 300w\" sizes=\"auto, (max-width: 372px) 100vw, 372px\" \/><\/figure>\n\n\n\n<p><\/p>\n\n\n\n<figure class=\"wp-block-image size-full is-resized\"><img loading=\"lazy\" decoding=\"async\" width=\"675\" height=\"508\" src=\"https:\/\/focotocantinense.com.br\/wp-content\/uploads\/2024\/02\/O-secretario-de-Educacao-de-Tocantinia-professor-Andre-Goveia-disse-que-e-sempre-gratificante-esse-contato-do-poeta-com-os-alunos-do-municipio.jpg\" alt=\"\" class=\"wp-image-6921\" style=\"width:840px;height:auto\" srcset=\"https:\/\/focotocantinense.com.br\/wp-content\/uploads\/2024\/02\/O-secretario-de-Educacao-de-Tocantinia-professor-Andre-Goveia-disse-que-e-sempre-gratificante-esse-contato-do-poeta-com-os-alunos-do-municipio.jpg 675w, https:\/\/focotocantinense.com.br\/wp-content\/uploads\/2024\/02\/O-secretario-de-Educacao-de-Tocantinia-professor-Andre-Goveia-disse-que-e-sempre-gratificante-esse-contato-do-poeta-com-os-alunos-do-municipio-300x226.jpg 300w\" sizes=\"auto, (max-width: 675px) 100vw, 675px\" \/><\/figure>\n\n\n\n<p><\/p>\n\n\n\n<figure class=\"wp-block-image size-large\"><img loading=\"lazy\" decoding=\"async\" width=\"1024\" height=\"768\" src=\"https:\/\/focotocantinense.com.br\/wp-content\/uploads\/2024\/02\/1-Palestra-de-Zacarias-Martins-de-Incentivo-a-Leitura-Foyo-Ana-Raquel-1024x768.jpg\" alt=\"\" class=\"wp-image-6919\" srcset=\"https:\/\/focotocantinense.com.br\/wp-content\/uploads\/2024\/02\/1-Palestra-de-Zacarias-Martins-de-Incentivo-a-Leitura-Foyo-Ana-Raquel-1024x768.jpg 1024w, https:\/\/focotocantinense.com.br\/wp-content\/uploads\/2024\/02\/1-Palestra-de-Zacarias-Martins-de-Incentivo-a-Leitura-Foyo-Ana-Raquel-300x225.jpg 300w, https:\/\/focotocantinense.com.br\/wp-content\/uploads\/2024\/02\/1-Palestra-de-Zacarias-Martins-de-Incentivo-a-Leitura-Foyo-Ana-Raquel-768x576.jpg 768w, https:\/\/focotocantinense.com.br\/wp-content\/uploads\/2024\/02\/1-Palestra-de-Zacarias-Martins-de-Incentivo-a-Leitura-Foyo-Ana-Raquel-1536x1152.jpg 1536w, https:\/\/focotocantinense.com.br\/wp-content\/uploads\/2024\/02\/1-Palestra-de-Zacarias-Martins-de-Incentivo-a-Leitura-Foyo-Ana-Raquel.jpg 1600w\" sizes=\"auto, (max-width: 1024px) 100vw, 1024px\" \/><\/figure>\n\n\n\n<p><\/p>\n\n\n\n<p><\/p>\n\n\n\n<figure class=\"wp-block-image size-full\"><img loading=\"lazy\" decoding=\"async\" width=\"640\" height=\"193\" src=\"https:\/\/focotocantinense.com.br\/wp-content\/uploads\/2024\/02\/VINI_181-5.jpg\" alt=\"\" class=\"wp-image-6903\" srcset=\"https:\/\/focotocantinense.com.br\/wp-content\/uploads\/2024\/02\/VINI_181-5.jpg 640w, https:\/\/focotocantinense.com.br\/wp-content\/uploads\/2024\/02\/VINI_181-5-300x90.jpg 300w\" sizes=\"auto, (max-width: 640px) 100vw, 640px\" \/><\/figure>\n","protected":false},"excerpt":{"rendered":"<p>Dentro do leque de a\u00e7\u00f5es colocadas em pr\u00e1tica nas escolas p\u00fablicas&nbsp;&nbsp; pela Secretaria Municipal de Educa\u00e7\u00e3o de Tocant\u00ednia,&nbsp;&nbsp; &nbsp;visando&nbsp; incentivar o h\u00e1bito da leitura e a produ\u00e7\u00e3o textual, o poeta, jornalista e ativista cultural&nbsp; Zacarias Martins participou nesta ter\u00e7a-feira, dia 20, de uma&nbsp; animada roda de conversa liter\u00e1ria, cujo p\u00fablico-alvo foram os alunos&nbsp; da Escola &hellip;<\/p>\n","protected":false},"author":5,"featured_media":6919,"comment_status":"open","ping_status":"open","sticky":false,"template":"","format":"standard","meta":{"footnotes":""},"categories":[1,78],"tags":[],"class_list":["post-6915","post","type-post","status-publish","format-standard","has-post-thumbnail","","category-sem-categoria","category-tocantinia"],"_links":{"self":[{"href":"https:\/\/focotocantinense.com.br\/index.php?rest_route=\/wp\/v2\/posts\/6915","targetHints":{"allow":["GET"]}}],"collection":[{"href":"https:\/\/focotocantinense.com.br\/index.php?rest_route=\/wp\/v2\/posts"}],"about":[{"href":"https:\/\/focotocantinense.com.br\/index.php?rest_route=\/wp\/v2\/types\/post"}],"author":[{"embeddable":true,"href":"https:\/\/focotocantinense.com.br\/index.php?rest_route=\/wp\/v2\/users\/5"}],"replies":[{"embeddable":true,"href":"https:\/\/focotocantinense.com.br\/index.php?rest_route=%2Fwp%2Fv2%2Fcomments&post=6915"}],"version-history":[{"count":2,"href":"https:\/\/focotocantinense.com.br\/index.php?rest_route=\/wp\/v2\/posts\/6915\/revisions"}],"predecessor-version":[{"id":6923,"href":"https:\/\/focotocantinense.com.br\/index.php?rest_route=\/wp\/v2\/posts\/6915\/revisions\/6923"}],"wp:featuredmedia":[{"embeddable":true,"href":"https:\/\/focotocantinense.com.br\/index.php?rest_route=\/wp\/v2\/media\/6919"}],"wp:attachment":[{"href":"https:\/\/focotocantinense.com.br\/index.php?rest_route=%2Fwp%2Fv2%2Fmedia&parent=6915"}],"wp:term":[{"taxonomy":"category","embeddable":true,"href":"https:\/\/focotocantinense.com.br\/index.php?rest_route=%2Fwp%2Fv2%2Fcategories&post=6915"},{"taxonomy":"post_tag","embeddable":true,"href":"https:\/\/focotocantinense.com.br\/index.php?rest_route=%2Fwp%2Fv2%2Ftags&post=6915"}],"curies":[{"name":"wp","href":"https:\/\/api.w.org\/{rel}","templated":true}]}}