{"id":6891,"date":"2024-02-16T17:27:00","date_gmt":"2024-02-16T20:27:00","guid":{"rendered":"https:\/\/focotocantinense.com.br\/?p=6891"},"modified":"2024-02-16T17:30:43","modified_gmt":"2024-02-16T20:30:43","slug":"poeta-elias-fontele-dourado-lanca-obra-impactante","status":"publish","type":"post","link":"https:\/\/focotocantinense.com.br\/?p=6891","title":{"rendered":"Poeta\u00a0Elias Fontele Dourado lan\u00e7a obra impactante"},"content":{"rendered":"\n<p><strong>Por Zacarias Martins<\/strong><\/p>\n\n\n\n<p>O jovem e promissor poeta brasiliense Elias Fontele Dourado est\u00e1 fazendo muito sucesso ap\u00f3s o recente lan\u00e7amento da obra \u201c<strong><em>Os tempos cerrados<\/em><\/strong>\u201d (Fontele Studios\/ Editora).<br><\/p>\n\n\n\n<p><strong>Impactante<br><\/strong>Trata-se de uma obra impactante, tem uma pegada filos\u00f3fica, remete \u00e0s quatro esta\u00e7\u00f5es do ano e, a exemplo delas, o autor &nbsp;cria, metaforicamente, as quatro esta\u00e7\u00f5es da consci\u00eancia humana: metaf\u00edsica, ontologia, existencialismo e \u00e9tica.<br><\/p>\n\n\n\n<p><strong>Divis\u00e3o<br><\/strong>A obra \u00e9 dividida em quatro partes e faz uma jornada de crescimento das pessoas, desde os aspectos mais abstratos at\u00e9 o recorte de suas decis\u00f5es, incluindo os \u00e2ngulos pessimistas.<br><\/p>\n\n\n\n<p><strong>Credenciais do autor<br><\/strong>Mestre em Filosofia\/Metaf\u00edsica e concluindo doutorado em Comunica\u00e7\u00e3o, ambos os cursos pela &nbsp;Universidade de Bras\u00edlia (UnB), Elias Fontele Dourado, 27 anos, cumpre esse novo desafio: de lan\u00e7ar um livro todo ele escrito com o rigor da forma fixa do soneto, mas com o frescor da linguagem moderna. O autor \u00e9 filho do festejado cordelista Gustavo Dourado, presidenta da Academia Taguatinguense de Letras (ATL), no DF, e da poeta e jornalista tocantinense &nbsp;Maria F\u00e9lix Fontele.<\/p>\n\n\n\n<figure class=\"wp-block-image size-large is-resized\"><img loading=\"lazy\" decoding=\"async\" width=\"954\" height=\"1024\" src=\"https:\/\/focotocantinense.com.br\/wp-content\/uploads\/2024\/02\/gustavo-fontele-dourado-954x1024.jpg\" alt=\"\" class=\"wp-image-6893\" style=\"width:399px;height:auto\" srcset=\"https:\/\/focotocantinense.com.br\/wp-content\/uploads\/2024\/02\/gustavo-fontele-dourado-954x1024.jpg 954w, https:\/\/focotocantinense.com.br\/wp-content\/uploads\/2024\/02\/gustavo-fontele-dourado-280x300.jpg 280w, https:\/\/focotocantinense.com.br\/wp-content\/uploads\/2024\/02\/gustavo-fontele-dourado-768x824.jpg 768w, https:\/\/focotocantinense.com.br\/wp-content\/uploads\/2024\/02\/gustavo-fontele-dourado-1431x1536.jpg 1431w, https:\/\/focotocantinense.com.br\/wp-content\/uploads\/2024\/02\/gustavo-fontele-dourado.jpg 1491w\" sizes=\"auto, (max-width: 954px) 100vw, 954px\" \/><\/figure>\n\n\n\n<p><\/p>\n\n\n\n<figure class=\"wp-block-image size-full\"><img loading=\"lazy\" decoding=\"async\" width=\"640\" height=\"193\" src=\"https:\/\/focotocantinense.com.br\/wp-content\/uploads\/2024\/02\/VINI_181-4.jpg\" alt=\"\" class=\"wp-image-6892\" srcset=\"https:\/\/focotocantinense.com.br\/wp-content\/uploads\/2024\/02\/VINI_181-4.jpg 640w, https:\/\/focotocantinense.com.br\/wp-content\/uploads\/2024\/02\/VINI_181-4-300x90.jpg 300w\" sizes=\"auto, (max-width: 640px) 100vw, 640px\" \/><\/figure>\n","protected":false},"excerpt":{"rendered":"<p>Por Zacarias Martins O jovem e promissor poeta brasiliense Elias Fontele Dourado est\u00e1 fazendo muito sucesso ap\u00f3s o recente lan\u00e7amento da obra \u201cOs tempos cerrados\u201d (Fontele Studios\/ Editora). ImpactanteTrata-se de uma obra impactante, tem uma pegada filos\u00f3fica, remete \u00e0s quatro esta\u00e7\u00f5es do ano e, a exemplo delas, o autor &nbsp;cria, metaforicamente, as quatro esta\u00e7\u00f5es da &hellip;<\/p>\n","protected":false},"author":5,"featured_media":6895,"comment_status":"open","ping_status":"open","sticky":false,"template":"","format":"standard","meta":{"footnotes":""},"categories":[104,1],"tags":[],"class_list":["post-6891","post","type-post","status-publish","format-standard","has-post-thumbnail","","category-cultura","category-sem-categoria"],"_links":{"self":[{"href":"https:\/\/focotocantinense.com.br\/index.php?rest_route=\/wp\/v2\/posts\/6891","targetHints":{"allow":["GET"]}}],"collection":[{"href":"https:\/\/focotocantinense.com.br\/index.php?rest_route=\/wp\/v2\/posts"}],"about":[{"href":"https:\/\/focotocantinense.com.br\/index.php?rest_route=\/wp\/v2\/types\/post"}],"author":[{"embeddable":true,"href":"https:\/\/focotocantinense.com.br\/index.php?rest_route=\/wp\/v2\/users\/5"}],"replies":[{"embeddable":true,"href":"https:\/\/focotocantinense.com.br\/index.php?rest_route=%2Fwp%2Fv2%2Fcomments&post=6891"}],"version-history":[{"count":2,"href":"https:\/\/focotocantinense.com.br\/index.php?rest_route=\/wp\/v2\/posts\/6891\/revisions"}],"predecessor-version":[{"id":6898,"href":"https:\/\/focotocantinense.com.br\/index.php?rest_route=\/wp\/v2\/posts\/6891\/revisions\/6898"}],"wp:featuredmedia":[{"embeddable":true,"href":"https:\/\/focotocantinense.com.br\/index.php?rest_route=\/wp\/v2\/media\/6895"}],"wp:attachment":[{"href":"https:\/\/focotocantinense.com.br\/index.php?rest_route=%2Fwp%2Fv2%2Fmedia&parent=6891"}],"wp:term":[{"taxonomy":"category","embeddable":true,"href":"https:\/\/focotocantinense.com.br\/index.php?rest_route=%2Fwp%2Fv2%2Fcategories&post=6891"},{"taxonomy":"post_tag","embeddable":true,"href":"https:\/\/focotocantinense.com.br\/index.php?rest_route=%2Fwp%2Fv2%2Ftags&post=6891"}],"curies":[{"name":"wp","href":"https:\/\/api.w.org\/{rel}","templated":true}]}}