{"id":6884,"date":"2024-02-16T17:20:05","date_gmt":"2024-02-16T20:20:05","guid":{"rendered":"https:\/\/focotocantinense.com.br\/?p=6884"},"modified":"2024-02-16T17:33:51","modified_gmt":"2024-02-16T20:33:51","slug":"pre-candidatura-de-antonio-andrade-a-prefeito-de-porto-nacional-recebe-apoio-do-pastor-mauro-adriano","status":"publish","type":"post","link":"https:\/\/focotocantinense.com.br\/?p=6884","title":{"rendered":"Pr\u00e9-candidatura de Antonio Andrade a prefeito de Porto Nacional recebe apoio do pastor Mauro Adriano"},"content":{"rendered":"\n<p>Com o intuito de tratar sobre demandas da comunidade evang\u00e9lica dentre outras necessidades da popula\u00e7\u00e3o portuense, o pastor Mauro Adriano se reuniu na manh\u00e3 desta sexta-feira, 16, com o deputado federal Antonio Andrade, em Porto Nacional.<\/p>\n\n\n\n<p><strong>TRABALHO DIFERENCIADO E S\u00c9RIO<\/strong><br>Em entrevista, Mauro Adriano comentou: \u201cAntonio Andrade foi o deputado federal tocantinense mais votado nas elei\u00e7\u00f5es de 2022, isso \u00e9 reflexo de uma trajet\u00f3ria de muita luta, trabalho s\u00e9rio e compromissado em prol da popula\u00e7\u00e3o durante toda sua vida p\u00fablica. Ele entende as necessidades de todos, desde o trabalhador mais humilde a classe empresarial. Porto precisa avan\u00e7ar, e a lideran\u00e7a do Antonio Andrade \u00e9 fundamental nesse processo\u201d, destacou.<\/p>\n\n\n\n<p>Sobre a reuni\u00e3o, o parlamentar agradeceu a presen\u00e7a do pastor Mauro Adriano, ressaltando sua representatividade em Porto Nacional e assegurou que n\u00e3o abre m\u00e3o de ouvir com a devida aten\u00e7\u00e3o e respeito as demandas da sociedade em geral. Em sua concep\u00e7\u00e3o \u00e9 apenas com di\u00e1logo amplo e claro que as pol\u00edticas p\u00fablicas e a\u00e7\u00f5es realmente eficazes s\u00e3o desenvolvidas e colocadas em pr\u00e1tica.<\/p>\n\n\n\n<figure class=\"wp-block-image size-large is-resized\"><img loading=\"lazy\" decoding=\"async\" width=\"768\" height=\"1024\" src=\"https:\/\/focotocantinense.com.br\/wp-content\/uploads\/2024\/02\/xxxxx-768x1024.jpg\" alt=\"\" class=\"wp-image-6887\" style=\"width:411px;height:auto\" srcset=\"https:\/\/focotocantinense.com.br\/wp-content\/uploads\/2024\/02\/xxxxx-768x1024.jpg 768w, https:\/\/focotocantinense.com.br\/wp-content\/uploads\/2024\/02\/xxxxx-225x300.jpg 225w, https:\/\/focotocantinense.com.br\/wp-content\/uploads\/2024\/02\/xxxxx-1152x1536.jpg 1152w, https:\/\/focotocantinense.com.br\/wp-content\/uploads\/2024\/02\/xxxxx.jpg 1200w\" sizes=\"auto, (max-width: 768px) 100vw, 768px\" \/><\/figure>\n\n\n\n<p><\/p>\n\n\n\n<figure class=\"wp-block-image size-full\"><img loading=\"lazy\" decoding=\"async\" width=\"640\" height=\"193\" src=\"https:\/\/focotocantinense.com.br\/wp-content\/uploads\/2024\/02\/VINI_181-3.jpg\" alt=\"\" class=\"wp-image-6886\" srcset=\"https:\/\/focotocantinense.com.br\/wp-content\/uploads\/2024\/02\/VINI_181-3.jpg 640w, https:\/\/focotocantinense.com.br\/wp-content\/uploads\/2024\/02\/VINI_181-3-300x90.jpg 300w\" sizes=\"auto, (max-width: 640px) 100vw, 640px\" \/><\/figure>\n","protected":false},"excerpt":{"rendered":"<p>Com o intuito de tratar sobre demandas da comunidade evang\u00e9lica dentre outras necessidades da popula\u00e7\u00e3o portuense, o pastor Mauro Adriano se reuniu na manh\u00e3 desta sexta-feira, 16, com o deputado federal Antonio Andrade, em Porto Nacional. TRABALHO DIFERENCIADO E S\u00c9RIOEm entrevista, Mauro Adriano comentou: \u201cAntonio Andrade foi o deputado federal tocantinense mais votado nas elei\u00e7\u00f5es &hellip;<\/p>\n","protected":false},"author":5,"featured_media":6885,"comment_status":"open","ping_status":"open","sticky":false,"template":"","format":"standard","meta":{"footnotes":""},"categories":[46],"tags":[],"class_list":["post-6884","post","type-post","status-publish","format-standard","has-post-thumbnail","","category-porto_nacional"],"_links":{"self":[{"href":"https:\/\/focotocantinense.com.br\/index.php?rest_route=\/wp\/v2\/posts\/6884","targetHints":{"allow":["GET"]}}],"collection":[{"href":"https:\/\/focotocantinense.com.br\/index.php?rest_route=\/wp\/v2\/posts"}],"about":[{"href":"https:\/\/focotocantinense.com.br\/index.php?rest_route=\/wp\/v2\/types\/post"}],"author":[{"embeddable":true,"href":"https:\/\/focotocantinense.com.br\/index.php?rest_route=\/wp\/v2\/users\/5"}],"replies":[{"embeddable":true,"href":"https:\/\/focotocantinense.com.br\/index.php?rest_route=%2Fwp%2Fv2%2Fcomments&post=6884"}],"version-history":[{"count":4,"href":"https:\/\/focotocantinense.com.br\/index.php?rest_route=\/wp\/v2\/posts\/6884\/revisions"}],"predecessor-version":[{"id":6897,"href":"https:\/\/focotocantinense.com.br\/index.php?rest_route=\/wp\/v2\/posts\/6884\/revisions\/6897"}],"wp:featuredmedia":[{"embeddable":true,"href":"https:\/\/focotocantinense.com.br\/index.php?rest_route=\/wp\/v2\/media\/6885"}],"wp:attachment":[{"href":"https:\/\/focotocantinense.com.br\/index.php?rest_route=%2Fwp%2Fv2%2Fmedia&parent=6884"}],"wp:term":[{"taxonomy":"category","embeddable":true,"href":"https:\/\/focotocantinense.com.br\/index.php?rest_route=%2Fwp%2Fv2%2Fcategories&post=6884"},{"taxonomy":"post_tag","embeddable":true,"href":"https:\/\/focotocantinense.com.br\/index.php?rest_route=%2Fwp%2Fv2%2Ftags&post=6884"}],"curies":[{"name":"wp","href":"https:\/\/api.w.org\/{rel}","templated":true}]}}