{"id":6880,"date":"2024-02-16T17:15:25","date_gmt":"2024-02-16T20:15:25","guid":{"rendered":"https:\/\/focotocantinense.com.br\/?p=6880"},"modified":"2024-02-16T17:15:54","modified_gmt":"2024-02-16T20:15:54","slug":"anuario-de-poetas-e-escritores-e-vitrine-da-literatura-tocantinense","status":"publish","type":"post","link":"https:\/\/focotocantinense.com.br\/?p=6880","title":{"rendered":"Anu\u00e1rio de Poetas e Escritores \u00e9 vitrine da literatura tocantinense"},"content":{"rendered":"\n<p><strong>Por Zacarias Martins<\/strong><\/p>\n\n\n\n<p>Sob a \u00e9gide da Editora Veloso,&nbsp; o escritor e editor &nbsp;&nbsp;gurupiense Eliosmar Veloso &nbsp;traz \u00e0 lume&nbsp; &nbsp;o \u201c<strong><em>Anu\u00e1rio de Poetas e Escritores do Tocantins 2023\u201d.<\/em><\/strong>&nbsp;A presente obra nos &nbsp;mostra um pequeno, mas n\u00e3o menos importante perfil da identidade liter\u00e1ria contempor\u00e2nea &nbsp;do Tocantins, que apresenta diferentes estilos e que ao ganhar tem\u00e1tica livre, &nbsp;tem a proeza exteriorizar a criatividade, a sensibilidade e, acima de tudo, a pujan\u00e7a do fazer liter\u00e1rio no Estado ca\u00e7ula do Brasil.<\/p>\n\n\n\n<p><strong>Participa\u00e7\u00e3o<\/strong><\/p>\n\n\n\n<p>A obra conta com a participa\u00e7\u00e3o de autores de 27 cidades tocantinenses: &nbsp;Aragua\u00edna, Baba\u00e7ul\u00e2ndia, Dian\u00f3polis, Gurupi, Miracema do Tocantins, Palmas, Palmeiras do Tocantins, &nbsp;Para\u00edso do Tocantins, Porto Nacional, Riachinho, Taguatinga, Tocantin\u00f3polis, Filad\u00e9lfia, Tocant\u00ednia e &nbsp;Dian\u00f3polis,<\/p>\n\n\n\n<figure class=\"wp-block-image size-large is-resized\"><img loading=\"lazy\" decoding=\"async\" width=\"1024\" height=\"768\" src=\"https:\/\/focotocantinense.com.br\/wp-content\/uploads\/2024\/02\/1-ANUARIO-DE-POETAS-E-ESCRITORES-DO-TOCANTINS-FOTO-ZACARIAS-MARTINS-1024x768.jpg\" alt=\"\" class=\"wp-image-6881\" style=\"width:382px;height:auto\" srcset=\"https:\/\/focotocantinense.com.br\/wp-content\/uploads\/2024\/02\/1-ANUARIO-DE-POETAS-E-ESCRITORES-DO-TOCANTINS-FOTO-ZACARIAS-MARTINS-1024x768.jpg 1024w, https:\/\/focotocantinense.com.br\/wp-content\/uploads\/2024\/02\/1-ANUARIO-DE-POETAS-E-ESCRITORES-DO-TOCANTINS-FOTO-ZACARIAS-MARTINS-300x225.jpg 300w, https:\/\/focotocantinense.com.br\/wp-content\/uploads\/2024\/02\/1-ANUARIO-DE-POETAS-E-ESCRITORES-DO-TOCANTINS-FOTO-ZACARIAS-MARTINS-768x576.jpg 768w, https:\/\/focotocantinense.com.br\/wp-content\/uploads\/2024\/02\/1-ANUARIO-DE-POETAS-E-ESCRITORES-DO-TOCANTINS-FOTO-ZACARIAS-MARTINS-1536x1152.jpg 1536w, https:\/\/focotocantinense.com.br\/wp-content\/uploads\/2024\/02\/1-ANUARIO-DE-POETAS-E-ESCRITORES-DO-TOCANTINS-FOTO-ZACARIAS-MARTINS.jpg 1600w\" sizes=\"auto, (max-width: 1024px) 100vw, 1024px\" \/><\/figure>\n\n\n\n<p><\/p>\n\n\n\n<p><strong>Consolida\u00e7\u00e3o liter\u00e1ria<\/strong><\/p>\n\n\n\n<p>De acordo com o professor e Doutor em Literatura da Universidade Federal do Norte do Tocantins (UFNT) Pedro Albeirice, o resultado dessa edi\u00e7\u00e3o do Anu\u00e1rio, como n\u00e3o podia deixar de ser, \u00e9 a concess\u00e3o, ao nosso p\u00fablico, do prazer de servir-se do que h\u00e1 de mais diversificado em termos de op\u00e7\u00e3o de leitura.&nbsp;<\/p>\n\n\n\n<p>\u201c<em>Desconhe\u00e7o, em qualquer parte da Federa\u00e7\u00e3o, outra atividade semelhante em que os autores, sem qualquer custo, tenham condi\u00e7\u00e3o de iniciar-se ou consolidar-se na atividade liter\u00e1ria<\/em>\u201d, concluiu.<\/p>\n\n\n\n<figure class=\"wp-block-image size-full\"><img loading=\"lazy\" decoding=\"async\" width=\"640\" height=\"193\" src=\"https:\/\/focotocantinense.com.br\/wp-content\/uploads\/2024\/02\/VINI_181-2.jpg\" alt=\"\" class=\"wp-image-6868\" srcset=\"https:\/\/focotocantinense.com.br\/wp-content\/uploads\/2024\/02\/VINI_181-2.jpg 640w, https:\/\/focotocantinense.com.br\/wp-content\/uploads\/2024\/02\/VINI_181-2-300x90.jpg 300w\" sizes=\"auto, (max-width: 640px) 100vw, 640px\" \/><\/figure>\n","protected":false},"excerpt":{"rendered":"<p>Por Zacarias Martins Sob a \u00e9gide da Editora Veloso,&nbsp; o escritor e editor &nbsp;&nbsp;gurupiense Eliosmar Veloso &nbsp;traz \u00e0 lume&nbsp; &nbsp;o \u201cAnu\u00e1rio de Poetas e Escritores do Tocantins 2023\u201d.&nbsp;A presente obra nos &nbsp;mostra um pequeno, mas n\u00e3o menos importante perfil da identidade liter\u00e1ria contempor\u00e2nea &nbsp;do Tocantins, que apresenta diferentes estilos e que ao ganhar tem\u00e1tica livre, &hellip;<\/p>\n","protected":false},"author":5,"featured_media":6881,"comment_status":"open","ping_status":"open","sticky":false,"template":"","format":"standard","meta":{"footnotes":""},"categories":[38],"tags":[],"class_list":["post-6880","post","type-post","status-publish","format-standard","has-post-thumbnail","","category-gurupi"],"_links":{"self":[{"href":"https:\/\/focotocantinense.com.br\/index.php?rest_route=\/wp\/v2\/posts\/6880","targetHints":{"allow":["GET"]}}],"collection":[{"href":"https:\/\/focotocantinense.com.br\/index.php?rest_route=\/wp\/v2\/posts"}],"about":[{"href":"https:\/\/focotocantinense.com.br\/index.php?rest_route=\/wp\/v2\/types\/post"}],"author":[{"embeddable":true,"href":"https:\/\/focotocantinense.com.br\/index.php?rest_route=\/wp\/v2\/users\/5"}],"replies":[{"embeddable":true,"href":"https:\/\/focotocantinense.com.br\/index.php?rest_route=%2Fwp%2Fv2%2Fcomments&post=6880"}],"version-history":[{"count":2,"href":"https:\/\/focotocantinense.com.br\/index.php?rest_route=\/wp\/v2\/posts\/6880\/revisions"}],"predecessor-version":[{"id":6883,"href":"https:\/\/focotocantinense.com.br\/index.php?rest_route=\/wp\/v2\/posts\/6880\/revisions\/6883"}],"wp:featuredmedia":[{"embeddable":true,"href":"https:\/\/focotocantinense.com.br\/index.php?rest_route=\/wp\/v2\/media\/6881"}],"wp:attachment":[{"href":"https:\/\/focotocantinense.com.br\/index.php?rest_route=%2Fwp%2Fv2%2Fmedia&parent=6880"}],"wp:term":[{"taxonomy":"category","embeddable":true,"href":"https:\/\/focotocantinense.com.br\/index.php?rest_route=%2Fwp%2Fv2%2Fcategories&post=6880"},{"taxonomy":"post_tag","embeddable":true,"href":"https:\/\/focotocantinense.com.br\/index.php?rest_route=%2Fwp%2Fv2%2Ftags&post=6880"}],"curies":[{"name":"wp","href":"https:\/\/api.w.org\/{rel}","templated":true}]}}