{"id":6876,"date":"2024-02-14T15:55:38","date_gmt":"2024-02-14T18:55:38","guid":{"rendered":"https:\/\/focotocantinense.com.br\/?p=6876"},"modified":"2024-02-14T15:55:39","modified_gmt":"2024-02-14T18:55:39","slug":"em-tocantinopolis-policia-civil-prende-autor-de-homicidio-praticado-em-festa-de-carnaval","status":"publish","type":"post","link":"https:\/\/focotocantinense.com.br\/?p=6876","title":{"rendered":"Em Tocantin\u00f3polis, Pol\u00edcia Civil prende autor de homic\u00eddio praticado em festa de Carnaval"},"content":{"rendered":"\n<p>A Pol\u00edcia Civil do Tocantins (PC-TO), por meio de a\u00e7\u00e3o realizada pela 20\u00aa Delegacia de Tocantin\u00f3polis e 4\u00aa Central de Atendimento da Pol\u00edcia Civil, prendeu no \u00faltimo domingo, 11, um indiv\u00edduo de 25 anos, que \u00e9 apontado como o autor de um homic\u00eddio, que vitimou um homem de 36 anos, na madrugada do mesmo dia.<\/p>\n\n\n\n<p>Conforme explica o delegado Tiago Daniel de Moraes, assim que a Pol\u00edcia Civil foi informada sobre o crime, as equipes da 20\u00aa DP e plantonistas da Central deram in\u00edcio \u00e0s investiga\u00e7\u00f5es, e em pouco tempo, o autor j\u00e1 estava devidamente identificado. Desse modo, o delegado, juntamente com outros policiais, foi at\u00e9 a resid\u00eancia do suspeito, mas o homem n\u00e3o estava no local. Por\u00e9m, seu pai confirmou aos policiais civis que seu filho de fato tinha se envolvido em uma confus\u00e3o na madrugada e atingido um homem com golpes de faca para se defender deste.<br>&nbsp;<\/p>\n\n\n\n<p><strong>Motiva\u00e7\u00e3o<\/strong><br>Segundo apurado pela Pol\u00edcia Civil, h\u00e1 cerca de cinco anos, v\u00edtima e autor se desentenderam, sendo que na \u00e9poca dos fatos, o autor do homic\u00eddio, acabou sendo atingido com uma paulada na cabe\u00e7a, que resultou em ferimentos graves, sendo necess\u00e1rio suturar o local com 24 pontos.<br><br>\u201cPor meio das investiga\u00e7\u00f5es, foi poss\u00edvel levantar informa\u00e7\u00f5es de que o autor desse homic\u00eddio, depois de ter sido lesionado pela v\u00edtima no passado, nunca mais foi o mesmo e sempre que ingeria bebida alco\u00f3lica comentava a respeito da agress\u00e3o sofrida e do rancor que tinha de seu autor, lembrando assim aquele velho ditado de que quem bate esquece, mas quem apanha, n\u00e3o\u201d, pontuou o delegado Tiago Daniel.<\/p>\n\n\n\n<p>Diante dos fatos, o pai do autor levou os policiais civis at\u00e9 um bar, onde seu filho estava ingerindo bebida alco\u00f3lica. Sem oferecer rea\u00e7\u00e3o, o indiv\u00edduo foi preso ainda em flagrante e conduzido at\u00e9 a 4\u00aa Central de Atendimento da Pol\u00edcia Civil, em Tocantin\u00f3polis, onde foi autuado pelo crime de homic\u00eddio.<\/p>\n\n\n\n<p>Ap\u00f3s a realiza\u00e7\u00e3o dos procedimentos legais cab\u00edveis, o indiv\u00edduo foi recolhido \u00e0 Cadeia P\u00fablica local, onde permanecer\u00e1 \u00e0 disposi\u00e7\u00e3o do Poder Judici\u00e1rio.<\/p>\n\n\n\n<p>Para o delegado Tiago Daniel, a pronta resposta da Pol\u00edcia Civil, que em menos de seis horas, identificou, localizou e prendeu o autor, demonstra o comprometimento da institui\u00e7\u00e3o com a manuten\u00e7\u00e3o da paz e da seguran\u00e7a p\u00fablica da popula\u00e7\u00e3o de Tocantin\u00f3polis.<br>\u201cA pris\u00e3o desse indiv\u00edduo, que \u00e9 considerado o principal suspeito de praticar esse crime hediondo em uma festa de Carnaval e sem se importar com a presen\u00e7a de v\u00e1rias pessoas, que se divertiam no local dos fatos, \u00e9 de suma import\u00e2ncia, uma vez que trata-se de um crime grave. Agora preso, o suspeito dever\u00e1 enfrentar a san\u00e7\u00e3o penal nos termos da lei\u201d, frisou a autoridade policial.<\/p>\n\n\n\n<figure class=\"wp-block-image size-full\"><img loading=\"lazy\" decoding=\"async\" width=\"800\" height=\"700\" src=\"https:\/\/focotocantinense.com.br\/wp-content\/uploads\/2024\/02\/AAAAAAAAAAAAAAAAAAAAAAA.jpg\" alt=\"\" class=\"wp-image-6877\" srcset=\"https:\/\/focotocantinense.com.br\/wp-content\/uploads\/2024\/02\/AAAAAAAAAAAAAAAAAAAAAAA.jpg 800w, https:\/\/focotocantinense.com.br\/wp-content\/uploads\/2024\/02\/AAAAAAAAAAAAAAAAAAAAAAA-300x263.jpg 300w, https:\/\/focotocantinense.com.br\/wp-content\/uploads\/2024\/02\/AAAAAAAAAAAAAAAAAAAAAAA-768x672.jpg 768w\" sizes=\"auto, (max-width: 800px) 100vw, 800px\" \/><\/figure>\n\n\n\n<p><\/p>\n\n\n\n<p><\/p>\n\n\n\n<figure class=\"wp-block-image size-full is-resized\"><img loading=\"lazy\" decoding=\"async\" width=\"487\" height=\"484\" src=\"https:\/\/focotocantinense.com.br\/wp-content\/uploads\/2024\/02\/Delegado-Tiago.jpeg\" alt=\"\" class=\"wp-image-6878\" style=\"width:840px;height:auto\" srcset=\"https:\/\/focotocantinense.com.br\/wp-content\/uploads\/2024\/02\/Delegado-Tiago.jpeg 487w, https:\/\/focotocantinense.com.br\/wp-content\/uploads\/2024\/02\/Delegado-Tiago-300x298.jpeg 300w, https:\/\/focotocantinense.com.br\/wp-content\/uploads\/2024\/02\/Delegado-Tiago-150x150.jpeg 150w\" sizes=\"auto, (max-width: 487px) 100vw, 487px\" \/><\/figure>\n\n\n\n<p><strong><em>Dr. Tiago Daniel de Moraes, Delegado de Pol\u00edcia.<\/em><\/strong><\/p>\n\n\n\n<figure class=\"wp-block-image size-full\"><img loading=\"lazy\" decoding=\"async\" width=\"640\" height=\"193\" src=\"https:\/\/focotocantinense.com.br\/wp-content\/uploads\/2024\/02\/VINI_181-2.jpg\" alt=\"\" class=\"wp-image-6868\" srcset=\"https:\/\/focotocantinense.com.br\/wp-content\/uploads\/2024\/02\/VINI_181-2.jpg 640w, https:\/\/focotocantinense.com.br\/wp-content\/uploads\/2024\/02\/VINI_181-2-300x90.jpg 300w\" sizes=\"auto, (max-width: 640px) 100vw, 640px\" \/><\/figure>\n","protected":false},"excerpt":{"rendered":"<p>A Pol\u00edcia Civil do Tocantins (PC-TO), por meio de a\u00e7\u00e3o realizada pela 20\u00aa Delegacia de Tocantin\u00f3polis e 4\u00aa Central de Atendimento da Pol\u00edcia Civil, prendeu no \u00faltimo domingo, 11, um indiv\u00edduo de 25 anos, que \u00e9 apontado como o autor de um homic\u00eddio, que vitimou um homem de 36 anos, na madrugada do mesmo dia. &hellip;<\/p>\n","protected":false},"author":5,"featured_media":6877,"comment_status":"open","ping_status":"open","sticky":false,"template":"","format":"standard","meta":{"footnotes":""},"categories":[41],"tags":[],"class_list":["post-6876","post","type-post","status-publish","format-standard","has-post-thumbnail","","category-policia"],"_links":{"self":[{"href":"https:\/\/focotocantinense.com.br\/index.php?rest_route=\/wp\/v2\/posts\/6876","targetHints":{"allow":["GET"]}}],"collection":[{"href":"https:\/\/focotocantinense.com.br\/index.php?rest_route=\/wp\/v2\/posts"}],"about":[{"href":"https:\/\/focotocantinense.com.br\/index.php?rest_route=\/wp\/v2\/types\/post"}],"author":[{"embeddable":true,"href":"https:\/\/focotocantinense.com.br\/index.php?rest_route=\/wp\/v2\/users\/5"}],"replies":[{"embeddable":true,"href":"https:\/\/focotocantinense.com.br\/index.php?rest_route=%2Fwp%2Fv2%2Fcomments&post=6876"}],"version-history":[{"count":1,"href":"https:\/\/focotocantinense.com.br\/index.php?rest_route=\/wp\/v2\/posts\/6876\/revisions"}],"predecessor-version":[{"id":6879,"href":"https:\/\/focotocantinense.com.br\/index.php?rest_route=\/wp\/v2\/posts\/6876\/revisions\/6879"}],"wp:featuredmedia":[{"embeddable":true,"href":"https:\/\/focotocantinense.com.br\/index.php?rest_route=\/wp\/v2\/media\/6877"}],"wp:attachment":[{"href":"https:\/\/focotocantinense.com.br\/index.php?rest_route=%2Fwp%2Fv2%2Fmedia&parent=6876"}],"wp:term":[{"taxonomy":"category","embeddable":true,"href":"https:\/\/focotocantinense.com.br\/index.php?rest_route=%2Fwp%2Fv2%2Fcategories&post=6876"},{"taxonomy":"post_tag","embeddable":true,"href":"https:\/\/focotocantinense.com.br\/index.php?rest_route=%2Fwp%2Fv2%2Ftags&post=6876"}],"curies":[{"name":"wp","href":"https:\/\/api.w.org\/{rel}","templated":true}]}}