{"id":6861,"date":"2024-02-10T10:51:51","date_gmt":"2024-02-10T13:51:51","guid":{"rendered":"https:\/\/focotocantinense.com.br\/?p=6861"},"modified":"2024-02-10T10:52:44","modified_gmt":"2024-02-10T13:52:44","slug":"antonio-andrade-e-ricardo-ayres-se-reunem-para-discutir-assuntos-de-interesse-da-populacao-portuense","status":"publish","type":"post","link":"https:\/\/focotocantinense.com.br\/?p=6861","title":{"rendered":"Antonio Andrade e Ricardo Ayres se re\u00fanem para discutir assuntos de interesse da popula\u00e7\u00e3o portuense"},"content":{"rendered":"\n<p><\/p>\n\n\n\n<p><strong><em>&#8220;Estou confiante no futuro promissor de Porto Nacional, e empolgado pelo que podemos construir juntos\u201d, disse Andrade no encontro com Ricardo Ayres<\/em><\/strong><\/p>\n\n\n\n<p>A sexta-feira dos deputados do Republicanos, Antonio Andrade e Ricardo Ayres, foi marcada por di\u00e1logo e muitas tratativas envolvendo projetos que visam investimentos no futuro de Porto Nacional.<\/p>\n\n\n\n<p>Andrade recebeu o amigo e parceiro de partido em sua resid\u00eancia, onde pontuaram a import\u00e2ncia de se construir bases s\u00f3lidas para o desenvolvimento do munic\u00edpio.<\/p>\n\n\n\n<p>O encontro desta sexta, 09 de fevereiro, teve como principal objetivo tratar das necessidades e desafios enfrentados por Porto Nacional, e debater a\u00e7\u00f5es que beneficiem diretamente a popula\u00e7\u00e3o da regi\u00e3o.<\/p>\n\n\n\n<p>Ayres destacou que os dois est\u00e3o imbu\u00eddos em parceria pelo Tocantins e por Porto Nacional. Endossando a fala do amigo, Antonio Andrade refor\u00e7ou: \u201cSomos parceiros, por isso nossas conversas s\u00e3o sempre muito produtivas, tendo em vista que temos um alinhamento total em rela\u00e7\u00e3o as pautas debatidas\u201d, pontuou.<\/p>\n\n\n\n<p>\u201cEstamos trabalhando incansavelmente para mudar a vida das pessoas, e tenho convic\u00e7\u00e3o de que avan\u00e7aremos ainda mais, construindo bases s\u00f3lidas para promover o desenvolvimento\u201d, enfatizou Andrade.<\/p>\n\n\n\n<figure class=\"wp-block-image size-large is-resized\"><img loading=\"lazy\" decoding=\"async\" width=\"1024\" height=\"538\" src=\"https:\/\/focotocantinense.com.br\/wp-content\/uploads\/2024\/02\/AAA-3-1024x538.jpg\" alt=\"\" class=\"wp-image-6862\" style=\"width:370px;height:auto\" srcset=\"https:\/\/focotocantinense.com.br\/wp-content\/uploads\/2024\/02\/AAA-3-1024x538.jpg 1024w, https:\/\/focotocantinense.com.br\/wp-content\/uploads\/2024\/02\/AAA-3-300x158.jpg 300w, https:\/\/focotocantinense.com.br\/wp-content\/uploads\/2024\/02\/AAA-3-768x403.jpg 768w, https:\/\/focotocantinense.com.br\/wp-content\/uploads\/2024\/02\/AAA-3.jpg 1188w\" sizes=\"auto, (max-width: 1024px) 100vw, 1024px\" \/><\/figure>\n\n\n\n<p><\/p>\n\n\n\n<figure class=\"wp-block-image size-full\"><img loading=\"lazy\" decoding=\"async\" width=\"640\" height=\"193\" src=\"https:\/\/focotocantinense.com.br\/wp-content\/uploads\/2024\/02\/VINI_181-1.jpg\" alt=\"\" class=\"wp-image-6852\" srcset=\"https:\/\/focotocantinense.com.br\/wp-content\/uploads\/2024\/02\/VINI_181-1.jpg 640w, https:\/\/focotocantinense.com.br\/wp-content\/uploads\/2024\/02\/VINI_181-1-300x90.jpg 300w\" sizes=\"auto, (max-width: 640px) 100vw, 640px\" \/><\/figure>\n","protected":false},"excerpt":{"rendered":"<p>&#8220;Estou confiante no futuro promissor de Porto Nacional, e empolgado pelo que podemos construir juntos\u201d, disse Andrade no encontro com Ricardo Ayres A sexta-feira dos deputados do Republicanos, Antonio Andrade e Ricardo Ayres, foi marcada por di\u00e1logo e muitas tratativas envolvendo projetos que visam investimentos no futuro de Porto Nacional. Andrade recebeu o amigo e &hellip;<\/p>\n","protected":false},"author":5,"featured_media":6862,"comment_status":"open","ping_status":"open","sticky":false,"template":"","format":"standard","meta":{"footnotes":""},"categories":[46],"tags":[],"class_list":["post-6861","post","type-post","status-publish","format-standard","has-post-thumbnail","","category-porto_nacional"],"_links":{"self":[{"href":"https:\/\/focotocantinense.com.br\/index.php?rest_route=\/wp\/v2\/posts\/6861","targetHints":{"allow":["GET"]}}],"collection":[{"href":"https:\/\/focotocantinense.com.br\/index.php?rest_route=\/wp\/v2\/posts"}],"about":[{"href":"https:\/\/focotocantinense.com.br\/index.php?rest_route=\/wp\/v2\/types\/post"}],"author":[{"embeddable":true,"href":"https:\/\/focotocantinense.com.br\/index.php?rest_route=\/wp\/v2\/users\/5"}],"replies":[{"embeddable":true,"href":"https:\/\/focotocantinense.com.br\/index.php?rest_route=%2Fwp%2Fv2%2Fcomments&post=6861"}],"version-history":[{"count":3,"href":"https:\/\/focotocantinense.com.br\/index.php?rest_route=\/wp\/v2\/posts\/6861\/revisions"}],"predecessor-version":[{"id":6865,"href":"https:\/\/focotocantinense.com.br\/index.php?rest_route=\/wp\/v2\/posts\/6861\/revisions\/6865"}],"wp:featuredmedia":[{"embeddable":true,"href":"https:\/\/focotocantinense.com.br\/index.php?rest_route=\/wp\/v2\/media\/6862"}],"wp:attachment":[{"href":"https:\/\/focotocantinense.com.br\/index.php?rest_route=%2Fwp%2Fv2%2Fmedia&parent=6861"}],"wp:term":[{"taxonomy":"category","embeddable":true,"href":"https:\/\/focotocantinense.com.br\/index.php?rest_route=%2Fwp%2Fv2%2Fcategories&post=6861"},{"taxonomy":"post_tag","embeddable":true,"href":"https:\/\/focotocantinense.com.br\/index.php?rest_route=%2Fwp%2Fv2%2Ftags&post=6861"}],"curies":[{"name":"wp","href":"https:\/\/api.w.org\/{rel}","templated":true}]}}