{"id":6846,"date":"2024-02-08T20:19:01","date_gmt":"2024-02-08T23:19:01","guid":{"rendered":"https:\/\/focotocantinense.com.br\/?p=6846"},"modified":"2024-02-08T20:19:02","modified_gmt":"2024-02-08T23:19:02","slug":"unirg-recebe-da-prefeitura-de-paraiso-area-para-a-construcao-da-nova-sede","status":"publish","type":"post","link":"https:\/\/focotocantinense.com.br\/?p=6846","title":{"rendered":"UnirG recebe da Prefeitura de Para\u00edso \u00e1rea para a constru\u00e7\u00e3o da nova sede"},"content":{"rendered":"\n<p>Nesta quarta-feira, 07, representantes da Funda\u00e7\u00e3o UnirG e da Universidade de Gurupi &#8211; UnirG, participaram da entrega de parte da \u00e1rea para o in\u00edcio da constru\u00e7\u00e3o da nova sede do campus em Para\u00edso do Tocantins (TO). A solenidade de assinatura da escritura faz parte do cumprimento do acordo firmado com a Prefeitura Municipal, em 2019, que prometeu disponibilizar um espa\u00e7o de 100 mil m\u00b2 para as novas instala\u00e7\u00f5es da Universidade.<\/p>\n\n\n\n<p>O evento ocorreu no gabinete do prefeito da cidade, Celso&nbsp;Soares R\u00eago Morais.&nbsp;Entre os presentes estavam o presidente da Funda\u00e7\u00e3o UnirG, Thiago Pi\u00f1eiro Miranda, a reitora, Dr\u00aa Sara Falc\u00e3o,<strong>&nbsp;<\/strong>al\u00e9m de autoridades locais.&nbsp;A concess\u00e3o<strong>&nbsp;<\/strong>contou ainda com o apoio dos vereadores da cidade.&nbsp;<\/p>\n\n\n\n<p>O terreno doado \u00e9 uma&nbsp;\u00e1rea urbana constitu\u00edda no loteamento Jardim Limeira, medindo mais de 18.100 m\u00b2, sendo parte do acordo firmado, que totalizar\u00e1 100 mil m\u00b2. O im\u00f3vel cedido est\u00e1 avaliado em quase R$ 470 mil.<\/p>\n\n\n\n<p>Segundo Thiago Miranda, o pr\u00e9dio que foi doado em 2019, j\u00e1 n\u00e3o comporta o curso de Medicina, devido ao aumento das turmas. \u201c\u00c9 muito importante para n\u00f3s essa entrega, pois precisamos dar andamento a constru\u00e7\u00e3o da nova sede. Atualmente as turmas est\u00e3o abrigadas em tr\u00eas pr\u00e9dios e essa \u00e1rea ir\u00e1 proporcionar a centraliza\u00e7\u00e3o das atividades em um \u00fanico local. Al\u00e9m do campus I, temos ainda outras duas unidades que s\u00e3o realizadas as aulas te\u00f3ricas de Medicina\u201d, disse.<\/p>\n\n\n\n<p>O presidente acrescentou ainda a import\u00e2ncia para a UnirG o cumprimento dessa etapa. \u201cEsse \u00e9 o momento ideal, no qual a Institui\u00e7\u00e3o se consolida ainda mais no Munic\u00edpio. Esta semana, membros do Conselho Estadual de Educa\u00e7\u00e3o visitam nossas instala\u00e7\u00f5es, o que permitir\u00e1 a implanta\u00e7\u00e3o na cidade da abertura de mais seis novos cursos\u201d.&nbsp; Al\u00e9m de Medicina, a UnirG tamb\u00e9m contar\u00e1 com a oferta dos cursos de Administra\u00e7\u00e3o, Ci\u00eancias Cont\u00e1beis, Educa\u00e7\u00e3o F\u00edsica, Jornalismo, Letras e Pedagogia.<\/p>\n\n\n\n<p>Para a reitora, o momento solene \u00e9 de suma import\u00e2ncia para a expans\u00e3o da UnirG, pois a Prefeitura de Para\u00edso tem cumprido as etapas do que foi prometido, desde quando a Institui\u00e7\u00e3o se instalou na cidade.<\/p>\n\n\n\n<p>\u201cO espa\u00e7o que temos j\u00e1 n\u00e3o \u00e9 suficiente e com a \u00e1rea possibilitar\u00e1 a instala\u00e7\u00e3o de novos cursos. Estamos muito felizes e fica o nosso agradecimento ao poder legislativo e executivo da cidade, pela contribui\u00e7\u00e3o e colabora\u00e7\u00e3o para o crescimento da UnirG que vem fazendo a diferen\u00e7a em Para\u00edso\u201d, ressaltou Sara Falc\u00e3o.&nbsp;<\/p>\n\n\n\n<p>\u201c\u00c9 com muita satisfa\u00e7\u00e3o que assinamos a escritura de uma \u00e1rea doada atrav\u00e9s de um Projeto de Lei, junto \u00e0 C\u00e2mara de Vereadores de Para\u00edso e \u00e0 Prefeitura de Gest\u00e3o Municipal. H\u00e1 algum tempo n\u00f3s est\u00e1vamos negociando e pleiteando essa \u00e1rea, aprovamos esse projeto na C\u00e2mara e conseguimos a doa\u00e7\u00e3o. Agora a UnirG tem a liberdade de estar pleiteando recursos para construir o campus definitivo da Universidade aqui na nossa cidade\u201d, finalizou o prefeito, Celso Morais.<\/p>\n\n\n\n<figure class=\"wp-block-image\"><img decoding=\"async\" src=\"http:\/\/n1to.com.br\/img\/uploads\/BBBB_10.jpg\" alt=\"\"\/><\/figure>\n\n\n\n<figure class=\"wp-block-image\"><img decoding=\"async\" src=\"http:\/\/n1to.com.br\/img\/uploads\/VINI_181_119.jpg\" alt=\"\"\/><\/figure>\n","protected":false},"excerpt":{"rendered":"<p>Nesta quarta-feira, 07, representantes da Funda\u00e7\u00e3o UnirG e da Universidade de Gurupi &#8211; UnirG, participaram da entrega de parte da \u00e1rea para o in\u00edcio da constru\u00e7\u00e3o da nova sede do campus em Para\u00edso do Tocantins (TO). A solenidade de assinatura da escritura faz parte do cumprimento do acordo firmado com a Prefeitura Municipal, em 2019, &hellip;<\/p>\n","protected":false},"author":5,"featured_media":6847,"comment_status":"open","ping_status":"open","sticky":false,"template":"","format":"standard","meta":{"footnotes":""},"categories":[47],"tags":[],"class_list":["post-6846","post","type-post","status-publish","format-standard","has-post-thumbnail","","category-paraiso"],"_links":{"self":[{"href":"https:\/\/focotocantinense.com.br\/index.php?rest_route=\/wp\/v2\/posts\/6846","targetHints":{"allow":["GET"]}}],"collection":[{"href":"https:\/\/focotocantinense.com.br\/index.php?rest_route=\/wp\/v2\/posts"}],"about":[{"href":"https:\/\/focotocantinense.com.br\/index.php?rest_route=\/wp\/v2\/types\/post"}],"author":[{"embeddable":true,"href":"https:\/\/focotocantinense.com.br\/index.php?rest_route=\/wp\/v2\/users\/5"}],"replies":[{"embeddable":true,"href":"https:\/\/focotocantinense.com.br\/index.php?rest_route=%2Fwp%2Fv2%2Fcomments&post=6846"}],"version-history":[{"count":1,"href":"https:\/\/focotocantinense.com.br\/index.php?rest_route=\/wp\/v2\/posts\/6846\/revisions"}],"predecessor-version":[{"id":6848,"href":"https:\/\/focotocantinense.com.br\/index.php?rest_route=\/wp\/v2\/posts\/6846\/revisions\/6848"}],"wp:featuredmedia":[{"embeddable":true,"href":"https:\/\/focotocantinense.com.br\/index.php?rest_route=\/wp\/v2\/media\/6847"}],"wp:attachment":[{"href":"https:\/\/focotocantinense.com.br\/index.php?rest_route=%2Fwp%2Fv2%2Fmedia&parent=6846"}],"wp:term":[{"taxonomy":"category","embeddable":true,"href":"https:\/\/focotocantinense.com.br\/index.php?rest_route=%2Fwp%2Fv2%2Fcategories&post=6846"},{"taxonomy":"post_tag","embeddable":true,"href":"https:\/\/focotocantinense.com.br\/index.php?rest_route=%2Fwp%2Fv2%2Ftags&post=6846"}],"curies":[{"name":"wp","href":"https:\/\/api.w.org\/{rel}","templated":true}]}}