{"id":6842,"date":"2024-02-06T16:24:27","date_gmt":"2024-02-06T19:24:27","guid":{"rendered":"https:\/\/focotocantinense.com.br\/?p=6842"},"modified":"2024-02-06T16:24:58","modified_gmt":"2024-02-06T19:24:58","slug":"prefeitura-de-gurupi-implanta-sistema-integral-de-ensino-na-escola-elizeu-de-carvalho-no-setor-industrial","status":"publish","type":"post","link":"https:\/\/focotocantinense.com.br\/?p=6842","title":{"rendered":"Prefeitura de Gurupi implanta sistema integral de ensino na Escola Elizeu de Carvalho, no Setor Industrial"},"content":{"rendered":"\n<p>A Prefeitura de Gurupi, por meio da Secretaria Municipal de Educa\u00e7\u00e3o, continua investindo em melhorias nas unidades escolares do Munic\u00edpio. Na manh\u00e3 desta ter\u00e7a-feira, 06, foi anunciada a implanta\u00e7\u00e3o do sistema integral de ensino na Escola Municipal Elizeu de Carvalho, localizada no bairro Cidade Industrial. As fam\u00edlias do setor aprovaram a iniciativa proposta pela Administra\u00e7\u00e3o Municipal.<\/p>\n\n\n\n<p>Com a implanta\u00e7\u00e3o do sistema integral de ensino, a Prefeitura de Gurupi visa proporcionar uma experi\u00eancia educacional mais completa e enriquecedora para os alunos da regi\u00e3o. A partir do dia 19 de fevereiro, a Escola Municipal de Tempo Integral Elizeu de Carvalho passar\u00e1 a operar em per\u00edodo integral, das 07h \u00e0s 15h30, beneficiando 149 alunos matriculados desde o Maternal II at\u00e9 o 5\u00ba ano.<\/p>\n\n\n\n<p>Presente na solenidade, a prefeita Josi Nunes destacou a import\u00e2ncia dessa mudan\u00e7a, enfatizando os benef\u00edcios diretos para a comunidade: &#8220;Esta \u00e9 uma iniciativa que vai beneficiar as fam\u00edlias aqui do setor Industrial, pois os alunos v\u00e3o passar mais tempo na escola, v\u00e3o aprender mais, e quando os pais e m\u00e3es sabem que os filhos est\u00e3o em seguran\u00e7a e aprendendo, ficam mais tranquilos para desenvolver suas atividades cotidianas\u201d, disse.<\/p>\n\n\n\n<p>A secret\u00e1ria Municipal de Educa\u00e7\u00e3o, Cristina Donato, refor\u00e7ou a necessidade e o impacto positivo dessa decis\u00e3o para as fam\u00edlias do setor Industrial, ressaltando que ela tamb\u00e9m beneficia m\u00e3es, pais e respons\u00e1veis, que precisam trabalhar no centro da cidade. &#8220;Essa mudan\u00e7a era uma demanda antiga das fam\u00edlias aqui do Industrial, e com o apoio da Prefeita Josi Nunes estamos promovendo essa melhoria. Muitas m\u00e3es dos alunos aqui precisam trabalhar l\u00e1 no Centro da cidade e agora ter\u00e3o mais flexibilidade nesse sentido. Al\u00e9m disso, vamos aprimorar a qualidade da educa\u00e7\u00e3o oferecida em Gurupi&#8221;, afirmou.<\/p>\n\n\n\n<p><strong>Moradores aprovam<\/strong><\/p>\n\n\n\n<p>A not\u00edcia foi recebida com entusiasmo pelas fam\u00edlias do setor, que veem nessa medida n\u00e3o apenas uma oportunidade de aprendizado mais amplo para seus filhos, mas tamb\u00e9m uma solu\u00e7\u00e3o que proporciona mais tranquilidade aos pais. A salgadeira Taise Rodrigues tem tr\u00eas filhos matriculados na escola e comemorou a mudan\u00e7a. \u201cSer\u00e1 muito bom, no meu caso por exemplo, que tenho que trabalhar fora, facilita muito, pois sei que eles estar\u00e3o aqui na escola e com isso, ficarei mais tranquila\u201d, comentou.<\/p>\n\n\n\n<figure class=\"wp-block-image size-full is-resized\"><img loading=\"lazy\" decoding=\"async\" width=\"881\" height=\"496\" src=\"https:\/\/focotocantinense.com.br\/wp-content\/uploads\/2024\/02\/AAA.jpg\" alt=\"\" class=\"wp-image-6843\" style=\"width:831px;height:auto\" srcset=\"https:\/\/focotocantinense.com.br\/wp-content\/uploads\/2024\/02\/AAA.jpg 881w, https:\/\/focotocantinense.com.br\/wp-content\/uploads\/2024\/02\/AAA-300x169.jpg 300w, https:\/\/focotocantinense.com.br\/wp-content\/uploads\/2024\/02\/AAA-768x432.jpg 768w\" sizes=\"auto, (max-width: 881px) 100vw, 881px\" \/><\/figure>\n\n\n\n<p><\/p>\n\n\n\n<p>A presidente da Associa\u00e7\u00e3o de Moradores do Bairro, Niele Barroso, refor\u00e7ou que a comunidade do Industrial est\u00e1 feliz com a iniciativa. \u201cEra um pedido nosso que fosse sistema integral aqui na escola e estamos muito felizes por ser atendida nossa reivindica\u00e7\u00e3o. A prefeita Josi Nunes tem ouvido nossas necessidades, dialogado e sempre esteve presente aqui, ent\u00e3o fica o nosso agradecimento\u201d, relatou.\u00a0<\/p>\n\n\n\n<figure class=\"wp-block-image\"><img decoding=\"async\" src=\"http:\/\/n1to.com.br\/img\/uploads\/VINI_181_118.jpg\" alt=\"\"\/><\/figure>\n","protected":false},"excerpt":{"rendered":"<p>A Prefeitura de Gurupi, por meio da Secretaria Municipal de Educa\u00e7\u00e3o, continua investindo em melhorias nas unidades escolares do Munic\u00edpio. Na manh\u00e3 desta ter\u00e7a-feira, 06, foi anunciada a implanta\u00e7\u00e3o do sistema integral de ensino na Escola Municipal Elizeu de Carvalho, localizada no bairro Cidade Industrial. As fam\u00edlias do setor aprovaram a iniciativa proposta pela Administra\u00e7\u00e3o &hellip;<\/p>\n","protected":false},"author":5,"featured_media":6843,"comment_status":"open","ping_status":"open","sticky":false,"template":"","format":"standard","meta":{"footnotes":""},"categories":[38],"tags":[],"class_list":["post-6842","post","type-post","status-publish","format-standard","has-post-thumbnail","","category-gurupi"],"_links":{"self":[{"href":"https:\/\/focotocantinense.com.br\/index.php?rest_route=\/wp\/v2\/posts\/6842","targetHints":{"allow":["GET"]}}],"collection":[{"href":"https:\/\/focotocantinense.com.br\/index.php?rest_route=\/wp\/v2\/posts"}],"about":[{"href":"https:\/\/focotocantinense.com.br\/index.php?rest_route=\/wp\/v2\/types\/post"}],"author":[{"embeddable":true,"href":"https:\/\/focotocantinense.com.br\/index.php?rest_route=\/wp\/v2\/users\/5"}],"replies":[{"embeddable":true,"href":"https:\/\/focotocantinense.com.br\/index.php?rest_route=%2Fwp%2Fv2%2Fcomments&post=6842"}],"version-history":[{"count":2,"href":"https:\/\/focotocantinense.com.br\/index.php?rest_route=\/wp\/v2\/posts\/6842\/revisions"}],"predecessor-version":[{"id":6845,"href":"https:\/\/focotocantinense.com.br\/index.php?rest_route=\/wp\/v2\/posts\/6842\/revisions\/6845"}],"wp:featuredmedia":[{"embeddable":true,"href":"https:\/\/focotocantinense.com.br\/index.php?rest_route=\/wp\/v2\/media\/6843"}],"wp:attachment":[{"href":"https:\/\/focotocantinense.com.br\/index.php?rest_route=%2Fwp%2Fv2%2Fmedia&parent=6842"}],"wp:term":[{"taxonomy":"category","embeddable":true,"href":"https:\/\/focotocantinense.com.br\/index.php?rest_route=%2Fwp%2Fv2%2Fcategories&post=6842"},{"taxonomy":"post_tag","embeddable":true,"href":"https:\/\/focotocantinense.com.br\/index.php?rest_route=%2Fwp%2Fv2%2Ftags&post=6842"}],"curies":[{"name":"wp","href":"https:\/\/api.w.org\/{rel}","templated":true}]}}