{"id":6839,"date":"2024-02-05T19:39:36","date_gmt":"2024-02-05T22:39:36","guid":{"rendered":"https:\/\/focotocantinense.com.br\/?p=6839"},"modified":"2024-02-05T19:40:10","modified_gmt":"2024-02-05T22:40:10","slug":"importancia-da-camara-municipal-de-araguaina-e-destacada-em-apresentacao-teatral-com-o-grupo-artpalco","status":"publish","type":"post","link":"https:\/\/focotocantinense.com.br\/?p=6839","title":{"rendered":"Import\u00e2ncia da C\u00e2mara Municipal de Aragua\u00edna \u00e9 destacada em apresenta\u00e7\u00e3o teatral com o Grupo Artpalco"},"content":{"rendered":"\n<p><strong>Por Cinthia Abreu<\/strong><\/p>\n\n\n\n<p>O Grupo de Teatro Artpalco integrou a programa\u00e7\u00e3o de anivers\u00e1rio da C\u00e2mara Municipal de Aragua\u00edna, realizada no s\u00e1bado, 03. Desta vez, o espet\u00e1culo teatral apresentado foi \u201cC\u00e2mara Municipal: 63 anos de evolu\u00e7\u00e3o\u201d, que integrou m\u00fasica e teatro para tratar sobre uma breve hist\u00f3ria da C\u00e2mara.<\/p>\n\n\n\n<p><br>Apresentado na Via Lago, a pe\u00e7a teatral levou ao p\u00fablico presente momentos de muita interatividade e divers\u00e3o, ao relatar uma mensagem sobre a import\u00e2ncia da C\u00e2mara de Vereadores para o Munic\u00edpio e regi\u00e3o.<br><br>O elenco foi composto pelos atores e m\u00fasicos Luiz Navarro, Jo\u00e3o Albano, Nice Albano e Z\u00e9 Caetano. A produ\u00e7\u00e3o foi de Farley Gomes e Wagner B\u00e1rbara.<br><br>O presidente da C\u00e2mara Municipal de Aragua\u00edna, vereador Marcos Duarte, destacou a import\u00e2ncia da valoriza\u00e7\u00e3o da cultura e da realiza\u00e7\u00e3o deste show em comemora\u00e7\u00e3o ao anivers\u00e1rio da Casa do Povo. &#8220;Celebrar os 63 anos da C\u00e2mara \u00e9 tamb\u00e9m celebrar nossa cultura, nossa identidade e nossa hist\u00f3ria. \u00c9 uma oportunidade para a comunidade se reunir, se divertir e reconhecer o papel fundamental do Legislativo em nossa cidade. A C\u00e2mara continuar\u00e1 estando mais perto dos moradores de Aragua\u00edna\u201d, ressaltou Marcos Duarte.<br><br><br><strong>Anivers\u00e1rio<\/strong><br>A programa\u00e7\u00e3o de anivers\u00e1rio contou ainda com apresenta\u00e7\u00f5es de Flaguim Moral, Vicentinho do Acordeon e Bola da Guitarra. O evento foi realizado Via Lago e foi prestigiado por mais de 25 mil pessoas, segundo a Casa de Leis.<\/p>\n\n\n\n<figure class=\"wp-block-image size-full\"><img loading=\"lazy\" decoding=\"async\" width=\"863\" height=\"489\" src=\"https:\/\/focotocantinense.com.br\/wp-content\/uploads\/2024\/02\/77daea4b-fde2-451a-9255-234c61e16b56.jpg\" alt=\"\" class=\"wp-image-6840\" srcset=\"https:\/\/focotocantinense.com.br\/wp-content\/uploads\/2024\/02\/77daea4b-fde2-451a-9255-234c61e16b56.jpg 863w, https:\/\/focotocantinense.com.br\/wp-content\/uploads\/2024\/02\/77daea4b-fde2-451a-9255-234c61e16b56-300x170.jpg 300w, https:\/\/focotocantinense.com.br\/wp-content\/uploads\/2024\/02\/77daea4b-fde2-451a-9255-234c61e16b56-768x435.jpg 768w\" sizes=\"auto, (max-width: 863px) 100vw, 863px\" \/><\/figure>\n\n\n\n<p><\/p>\n\n\n\n<figure class=\"wp-block-image\"><img decoding=\"async\" src=\"http:\/\/n1to.com.br\/img\/uploads\/VINI_181_117.jpg\" alt=\"\"\/><\/figure>\n","protected":false},"excerpt":{"rendered":"<p>Por Cinthia Abreu O Grupo de Teatro Artpalco integrou a programa\u00e7\u00e3o de anivers\u00e1rio da C\u00e2mara Municipal de Aragua\u00edna, realizada no s\u00e1bado, 03. Desta vez, o espet\u00e1culo teatral apresentado foi \u201cC\u00e2mara Municipal: 63 anos de evolu\u00e7\u00e3o\u201d, que integrou m\u00fasica e teatro para tratar sobre uma breve hist\u00f3ria da C\u00e2mara. Apresentado na Via Lago, a pe\u00e7a teatral &hellip;<\/p>\n","protected":false},"author":5,"featured_media":6840,"comment_status":"open","ping_status":"open","sticky":false,"template":"","format":"standard","meta":{"footnotes":""},"categories":[104,1],"tags":[],"class_list":["post-6839","post","type-post","status-publish","format-standard","has-post-thumbnail","","category-cultura","category-sem-categoria"],"_links":{"self":[{"href":"https:\/\/focotocantinense.com.br\/index.php?rest_route=\/wp\/v2\/posts\/6839","targetHints":{"allow":["GET"]}}],"collection":[{"href":"https:\/\/focotocantinense.com.br\/index.php?rest_route=\/wp\/v2\/posts"}],"about":[{"href":"https:\/\/focotocantinense.com.br\/index.php?rest_route=\/wp\/v2\/types\/post"}],"author":[{"embeddable":true,"href":"https:\/\/focotocantinense.com.br\/index.php?rest_route=\/wp\/v2\/users\/5"}],"replies":[{"embeddable":true,"href":"https:\/\/focotocantinense.com.br\/index.php?rest_route=%2Fwp%2Fv2%2Fcomments&post=6839"}],"version-history":[{"count":1,"href":"https:\/\/focotocantinense.com.br\/index.php?rest_route=\/wp\/v2\/posts\/6839\/revisions"}],"predecessor-version":[{"id":6841,"href":"https:\/\/focotocantinense.com.br\/index.php?rest_route=\/wp\/v2\/posts\/6839\/revisions\/6841"}],"wp:featuredmedia":[{"embeddable":true,"href":"https:\/\/focotocantinense.com.br\/index.php?rest_route=\/wp\/v2\/media\/6840"}],"wp:attachment":[{"href":"https:\/\/focotocantinense.com.br\/index.php?rest_route=%2Fwp%2Fv2%2Fmedia&parent=6839"}],"wp:term":[{"taxonomy":"category","embeddable":true,"href":"https:\/\/focotocantinense.com.br\/index.php?rest_route=%2Fwp%2Fv2%2Fcategories&post=6839"},{"taxonomy":"post_tag","embeddable":true,"href":"https:\/\/focotocantinense.com.br\/index.php?rest_route=%2Fwp%2Fv2%2Ftags&post=6839"}],"curies":[{"name":"wp","href":"https:\/\/api.w.org\/{rel}","templated":true}]}}