{"id":6834,"date":"2024-02-03T17:54:48","date_gmt":"2024-02-03T20:54:48","guid":{"rendered":"https:\/\/focotocantinense.com.br\/?p=6834"},"modified":"2024-02-03T17:55:12","modified_gmt":"2024-02-03T20:55:12","slug":"laurez-moreira-sugere-a-candidatura-de-josue-gomes-a-camara-de-gurupi","status":"publish","type":"post","link":"https:\/\/focotocantinense.com.br\/?p=6834","title":{"rendered":"Laurez Moreira sugere a candidatura de Josu\u00e9 Gomes \u00e0 C\u00e2mara de Gurupi"},"content":{"rendered":"\n<p><strong>Por Zacarias Martins<\/strong><\/p>\n\n\n\n<p>O vice-governador Laurez Moreira (PDT), recebeu neste s\u00e1bado. Dia 2, a visita do Pastor Jo\u00e3o Gomes, da Assembleia de Deus \u2013 Na\u00e7\u00e3o Madureira, que estava acompanhado pelo seu filho, &nbsp;o policial civil Josu\u00e9 Gomes.<\/p>\n\n\n\n<p>Foi uma visita cordial, por\u00e9m, aproveitaram para debater sobre algumas quest\u00f5es relacionadas \u00e0 pol\u00edtica em Gurupi, especialmente, por ser uma cidade polo de desenvolvimento na regi\u00e3o sul do Tocantins.<\/p>\n\n\n\n<p>Na oportunidade, o vice-governador Laurez sugeriu que Josu\u00e9 Gomes colocasse o seu nome \u00e0 disposi\u00e7\u00e3o do eleitorado para disputar uma&nbsp; cadeira na C\u00e2mara Municipal de Gurupi no pleito deste ano, por entender &nbsp;que o jovem tem um futuro promissor na pol\u00edtica gurupiense e que,&nbsp; caso eleito,&nbsp; certamente poder\u00e1 contribuir de forma mais efetiva para o desenvolvimento da Capital da Amizade.<\/p>\n\n\n\n<p>Josu\u00e9 Gomes agradeceu as palavras&nbsp;&nbsp; de Laurez e disse sentir-se honrado em ter o seu nome lembrado para uma disputa ao Legislativo gurupiense, afirmando que pretende amadurecer essa ideia.<\/p>\n\n\n\n<figure class=\"wp-block-image size-large is-resized\"><img loading=\"lazy\" decoding=\"async\" width=\"1024\" height=\"536\" src=\"https:\/\/focotocantinense.com.br\/wp-content\/uploads\/2024\/02\/d8429b49-2b38-441e-bd16-14f138f42c63-1024x536.jpg\" alt=\"\" class=\"wp-image-6835\" style=\"width:401px;height:auto\" srcset=\"https:\/\/focotocantinense.com.br\/wp-content\/uploads\/2024\/02\/d8429b49-2b38-441e-bd16-14f138f42c63-1024x536.jpg 1024w, https:\/\/focotocantinense.com.br\/wp-content\/uploads\/2024\/02\/d8429b49-2b38-441e-bd16-14f138f42c63-300x157.jpg 300w, https:\/\/focotocantinense.com.br\/wp-content\/uploads\/2024\/02\/d8429b49-2b38-441e-bd16-14f138f42c63-768x402.jpg 768w, https:\/\/focotocantinense.com.br\/wp-content\/uploads\/2024\/02\/d8429b49-2b38-441e-bd16-14f138f42c63.jpg 1186w\" sizes=\"auto, (max-width: 1024px) 100vw, 1024px\" \/><\/figure>\n\n\n\n<p><\/p>\n\n\n\n<figure class=\"wp-block-image size-full\"><img loading=\"lazy\" decoding=\"async\" width=\"640\" height=\"193\" src=\"https:\/\/focotocantinense.com.br\/wp-content\/uploads\/2024\/02\/VINI_181.jpg\" alt=\"\" class=\"wp-image-6836\" srcset=\"https:\/\/focotocantinense.com.br\/wp-content\/uploads\/2024\/02\/VINI_181.jpg 640w, https:\/\/focotocantinense.com.br\/wp-content\/uploads\/2024\/02\/VINI_181-300x90.jpg 300w\" sizes=\"auto, (max-width: 640px) 100vw, 640px\" \/><\/figure>\n","protected":false},"excerpt":{"rendered":"<p>Por Zacarias Martins O vice-governador Laurez Moreira (PDT), recebeu neste s\u00e1bado. Dia 2, a visita do Pastor Jo\u00e3o Gomes, da Assembleia de Deus \u2013 Na\u00e7\u00e3o Madureira, que estava acompanhado pelo seu filho, &nbsp;o policial civil Josu\u00e9 Gomes. Foi uma visita cordial, por\u00e9m, aproveitaram para debater sobre algumas quest\u00f5es relacionadas \u00e0 pol\u00edtica em Gurupi, especialmente, por &hellip;<\/p>\n","protected":false},"author":5,"featured_media":6835,"comment_status":"open","ping_status":"open","sticky":false,"template":"","format":"standard","meta":{"footnotes":""},"categories":[38],"tags":[],"class_list":["post-6834","post","type-post","status-publish","format-standard","has-post-thumbnail","","category-gurupi"],"_links":{"self":[{"href":"https:\/\/focotocantinense.com.br\/index.php?rest_route=\/wp\/v2\/posts\/6834","targetHints":{"allow":["GET"]}}],"collection":[{"href":"https:\/\/focotocantinense.com.br\/index.php?rest_route=\/wp\/v2\/posts"}],"about":[{"href":"https:\/\/focotocantinense.com.br\/index.php?rest_route=\/wp\/v2\/types\/post"}],"author":[{"embeddable":true,"href":"https:\/\/focotocantinense.com.br\/index.php?rest_route=\/wp\/v2\/users\/5"}],"replies":[{"embeddable":true,"href":"https:\/\/focotocantinense.com.br\/index.php?rest_route=%2Fwp%2Fv2%2Fcomments&post=6834"}],"version-history":[{"count":2,"href":"https:\/\/focotocantinense.com.br\/index.php?rest_route=\/wp\/v2\/posts\/6834\/revisions"}],"predecessor-version":[{"id":6838,"href":"https:\/\/focotocantinense.com.br\/index.php?rest_route=\/wp\/v2\/posts\/6834\/revisions\/6838"}],"wp:featuredmedia":[{"embeddable":true,"href":"https:\/\/focotocantinense.com.br\/index.php?rest_route=\/wp\/v2\/media\/6835"}],"wp:attachment":[{"href":"https:\/\/focotocantinense.com.br\/index.php?rest_route=%2Fwp%2Fv2%2Fmedia&parent=6834"}],"wp:term":[{"taxonomy":"category","embeddable":true,"href":"https:\/\/focotocantinense.com.br\/index.php?rest_route=%2Fwp%2Fv2%2Fcategories&post=6834"},{"taxonomy":"post_tag","embeddable":true,"href":"https:\/\/focotocantinense.com.br\/index.php?rest_route=%2Fwp%2Fv2%2Ftags&post=6834"}],"curies":[{"name":"wp","href":"https:\/\/api.w.org\/{rel}","templated":true}]}}