{"id":6831,"date":"2024-02-01T18:05:24","date_gmt":"2024-02-01T21:05:24","guid":{"rendered":"https:\/\/focotocantinense.com.br\/?p=6831"},"modified":"2024-02-01T18:05:25","modified_gmt":"2024-02-01T21:05:25","slug":"antonio-andrade-e-secretario-executivo-da-seagro-soares-filho-discutem-com-o-governador-wanderlei-barbosa-sobre-melhorias-na-tarifa-do-transporte-publico-em-luzimangues","status":"publish","type":"post","link":"https:\/\/focotocantinense.com.br\/?p=6831","title":{"rendered":"Antonio Andrade e secret\u00e1rio executivo da Seagro, Soares Filho, discutem com o governador Wanderlei Barbosa sobre melhorias na tarifa do transporte p\u00fablico em Luzimangues"},"content":{"rendered":"\n<p>O encontro que aconteceu na capital Palmas, tamb\u00e9m contou com a participa\u00e7\u00e3o do presidente da ATR, Israel Guimar\u00e3es<\/p>\n\n\n\n<p>Preocupados com o valor alto dos custos do transporte p\u00fablico no principal distrito de Porto Nacional, Luzimangues, o deputado federal Antonio Andrade na companhia do secret\u00e1rio executivo da Agricultura do Estado, Soares Filho, participaram nesta segunda-feira, 30 de janeiro, de reuni\u00e3o com o governador Wanderlei Barbosa e o presidente da ATR, Israel Guimar\u00e3es.<\/p>\n\n\n\n<p>A reuni\u00e3o entre os gestores, teve como foco pensar numa forma de implementa\u00e7\u00e3o de medidas para solucionar o problema vivenciado pela popula\u00e7\u00e3o do distrito de Luzimangues, que diariamente precisa arcar com valor alto para se locomover entre o distrito e a capital utilizando o transporte p\u00fablico.<\/p>\n\n\n\n<p>Durante a reuni\u00e3o, o governador Wanderlei Barbosa afirmou que uma das ideias do governo, caso seja necess\u00e1rio, \u00e9 subsidiar esse transporte, o que implicar\u00e1 em parceria j\u00e1 assegurada com o deputado federal Antonio Andrade, que garantiu destinar emenda parlamentar em prol da causa.<\/p>\n\n\n\n<p>\u201cUm estudo cuidadoso ser\u00e1 realizado para fazermos as devidas modifica\u00e7\u00f5es, e se tivermos que subsidiar esse transporte coletivo, assim faremos, o Estado em parceria com o deputado Antonio Andrade\u201d, afirmou o governador.<\/p>\n\n\n\n<p>Assessoria de Comunica\u00e7\u00e3o \u2013 Deputado Federal Antonio Andrade<\/p>\n","protected":false},"excerpt":{"rendered":"<p>O encontro que aconteceu na capital Palmas, tamb\u00e9m contou com a participa\u00e7\u00e3o do presidente da ATR, Israel Guimar\u00e3es Preocupados com o valor alto dos custos do transporte p\u00fablico no principal distrito de Porto Nacional, Luzimangues, o deputado federal Antonio Andrade na companhia do secret\u00e1rio executivo da Agricultura do Estado, Soares Filho, participaram nesta segunda-feira, 30 &hellip;<\/p>\n","protected":false},"author":5,"featured_media":6832,"comment_status":"open","ping_status":"open","sticky":false,"template":"","format":"standard","meta":{"footnotes":""},"categories":[1],"tags":[],"class_list":["post-6831","post","type-post","status-publish","format-standard","has-post-thumbnail","","category-sem-categoria"],"_links":{"self":[{"href":"https:\/\/focotocantinense.com.br\/index.php?rest_route=\/wp\/v2\/posts\/6831","targetHints":{"allow":["GET"]}}],"collection":[{"href":"https:\/\/focotocantinense.com.br\/index.php?rest_route=\/wp\/v2\/posts"}],"about":[{"href":"https:\/\/focotocantinense.com.br\/index.php?rest_route=\/wp\/v2\/types\/post"}],"author":[{"embeddable":true,"href":"https:\/\/focotocantinense.com.br\/index.php?rest_route=\/wp\/v2\/users\/5"}],"replies":[{"embeddable":true,"href":"https:\/\/focotocantinense.com.br\/index.php?rest_route=%2Fwp%2Fv2%2Fcomments&post=6831"}],"version-history":[{"count":1,"href":"https:\/\/focotocantinense.com.br\/index.php?rest_route=\/wp\/v2\/posts\/6831\/revisions"}],"predecessor-version":[{"id":6833,"href":"https:\/\/focotocantinense.com.br\/index.php?rest_route=\/wp\/v2\/posts\/6831\/revisions\/6833"}],"wp:featuredmedia":[{"embeddable":true,"href":"https:\/\/focotocantinense.com.br\/index.php?rest_route=\/wp\/v2\/media\/6832"}],"wp:attachment":[{"href":"https:\/\/focotocantinense.com.br\/index.php?rest_route=%2Fwp%2Fv2%2Fmedia&parent=6831"}],"wp:term":[{"taxonomy":"category","embeddable":true,"href":"https:\/\/focotocantinense.com.br\/index.php?rest_route=%2Fwp%2Fv2%2Fcategories&post=6831"},{"taxonomy":"post_tag","embeddable":true,"href":"https:\/\/focotocantinense.com.br\/index.php?rest_route=%2Fwp%2Fv2%2Ftags&post=6831"}],"curies":[{"name":"wp","href":"https:\/\/api.w.org\/{rel}","templated":true}]}}