{"id":6826,"date":"2024-02-01T18:02:13","date_gmt":"2024-02-01T21:02:13","guid":{"rendered":"https:\/\/focotocantinense.com.br\/?p=6826"},"modified":"2024-02-01T18:02:45","modified_gmt":"2024-02-01T21:02:45","slug":"com-emenda-do-deputado-federal-antonio-andrade-ifto-campus-porto-nacional-ganhara-onibus-novinho","status":"publish","type":"post","link":"https:\/\/focotocantinense.com.br\/?p=6826","title":{"rendered":"Com emenda do deputado federal Antonio Andrade, IFTO Campus Porto Nacional ganhar\u00e1 \u00f4nibus novinho"},"content":{"rendered":"\n<p>O an\u00fancio foi feito pelo parlamentar nesta quinta-feira, 01 de fevereiro, durante solenidade de comemora\u00e7\u00e3o do anivers\u00e1rio de 14 anos da unidade<\/p>\n\n\n\n<p>A celebra\u00e7\u00e3o pelos 14 anos do Instituto Federal do Tocantins Campus Porto Nacional foi marcada por agradecimentos e uma surpresa especial. Na ocasi\u00e3o, o deputado federal Antonio Andrade (Republicanos), reafirmou seu compromisso com a educa\u00e7\u00e3o p\u00fablica de qualidade e anunciou a destina\u00e7\u00e3o de emenda parlamentar para aquisi\u00e7\u00e3o de \u00f4nibus que atender\u00e1 aos demandas da unidade.<\/p>\n\n\n\n<p>O diretor geral do Campus Porto Nacional, Albano Dias, destacou o empenho do deputado Antonio Andrade em sempre apoiar \u00e0s causas do IFTO. \u201cTemos muito a agradecer ao deputado, pois sempre est\u00e1 disposto a nos atender e solucionar as demandas que levamos at\u00e9 ele. Com muita gratid\u00e3o comemoramos hoje a not\u00edcia da t\u00e3o sonhada aquisi\u00e7\u00e3o do \u00f4nibus, mais uma importante conquista que iremos concretizar, cientes de que muitas outras vir\u00e3o\u201d, concluiu o gestor.<\/p>\n\n\n\n<p>Sob aplausos, o deputado disse aos presentes: \u201c\u00c9 motivo de muita alegria estar presente neste momento importante, e de forma especial, quis mais uma vez dar a minha contribui\u00e7\u00e3o para esse Instituto que realiza um trabalho exemplar com os estudantes. Educa\u00e7\u00e3o \u00e9 uma bandeira que eu defendo com afinco, pois sei que esse \u00e9 o caminho para transformar a vida dos nossos jovens, contem sempre comigo\u201d, enfatizou.<\/p>\n\n\n\n<p>Assessoria de Comunica\u00e7\u00e3o \u2013 Antonio Andrade<\/p>\n\n\n\n<figure class=\"wp-block-image size-large\"><img loading=\"lazy\" decoding=\"async\" width=\"1024\" height=\"867\" src=\"https:\/\/focotocantinense.com.br\/wp-content\/uploads\/2024\/02\/WhatsApp-Image-2024-02-01-at-17.59.17-1-1024x867.jpeg\" alt=\"\" class=\"wp-image-6829\" srcset=\"https:\/\/focotocantinense.com.br\/wp-content\/uploads\/2024\/02\/WhatsApp-Image-2024-02-01-at-17.59.17-1-1024x867.jpeg 1024w, https:\/\/focotocantinense.com.br\/wp-content\/uploads\/2024\/02\/WhatsApp-Image-2024-02-01-at-17.59.17-1-300x254.jpeg 300w, https:\/\/focotocantinense.com.br\/wp-content\/uploads\/2024\/02\/WhatsApp-Image-2024-02-01-at-17.59.17-1-768x650.jpeg 768w, https:\/\/focotocantinense.com.br\/wp-content\/uploads\/2024\/02\/WhatsApp-Image-2024-02-01-at-17.59.17-1.jpeg 1466w\" sizes=\"auto, (max-width: 1024px) 100vw, 1024px\" \/><\/figure>\n","protected":false},"excerpt":{"rendered":"<p>O an\u00fancio foi feito pelo parlamentar nesta quinta-feira, 01 de fevereiro, durante solenidade de comemora\u00e7\u00e3o do anivers\u00e1rio de 14 anos da unidade A celebra\u00e7\u00e3o pelos 14 anos do Instituto Federal do Tocantins Campus Porto Nacional foi marcada por agradecimentos e uma surpresa especial. Na ocasi\u00e3o, o deputado federal Antonio Andrade (Republicanos), reafirmou seu compromisso com &hellip;<\/p>\n","protected":false},"author":5,"featured_media":6827,"comment_status":"open","ping_status":"open","sticky":false,"template":"","format":"standard","meta":{"footnotes":""},"categories":[1],"tags":[],"class_list":["post-6826","post","type-post","status-publish","format-standard","has-post-thumbnail","","category-sem-categoria"],"_links":{"self":[{"href":"https:\/\/focotocantinense.com.br\/index.php?rest_route=\/wp\/v2\/posts\/6826","targetHints":{"allow":["GET"]}}],"collection":[{"href":"https:\/\/focotocantinense.com.br\/index.php?rest_route=\/wp\/v2\/posts"}],"about":[{"href":"https:\/\/focotocantinense.com.br\/index.php?rest_route=\/wp\/v2\/types\/post"}],"author":[{"embeddable":true,"href":"https:\/\/focotocantinense.com.br\/index.php?rest_route=\/wp\/v2\/users\/5"}],"replies":[{"embeddable":true,"href":"https:\/\/focotocantinense.com.br\/index.php?rest_route=%2Fwp%2Fv2%2Fcomments&post=6826"}],"version-history":[{"count":2,"href":"https:\/\/focotocantinense.com.br\/index.php?rest_route=\/wp\/v2\/posts\/6826\/revisions"}],"predecessor-version":[{"id":6830,"href":"https:\/\/focotocantinense.com.br\/index.php?rest_route=\/wp\/v2\/posts\/6826\/revisions\/6830"}],"wp:featuredmedia":[{"embeddable":true,"href":"https:\/\/focotocantinense.com.br\/index.php?rest_route=\/wp\/v2\/media\/6827"}],"wp:attachment":[{"href":"https:\/\/focotocantinense.com.br\/index.php?rest_route=%2Fwp%2Fv2%2Fmedia&parent=6826"}],"wp:term":[{"taxonomy":"category","embeddable":true,"href":"https:\/\/focotocantinense.com.br\/index.php?rest_route=%2Fwp%2Fv2%2Fcategories&post=6826"},{"taxonomy":"post_tag","embeddable":true,"href":"https:\/\/focotocantinense.com.br\/index.php?rest_route=%2Fwp%2Fv2%2Ftags&post=6826"}],"curies":[{"name":"wp","href":"https:\/\/api.w.org\/{rel}","templated":true}]}}