{"id":6810,"date":"2024-01-27T20:22:03","date_gmt":"2024-01-27T23:22:03","guid":{"rendered":"https:\/\/focotocantinense.com.br\/?p=6810"},"modified":"2024-01-27T20:23:11","modified_gmt":"2024-01-27T23:23:11","slug":"cantor-e-compositor-genesio-tocantins-reage-bem-apos-acidente-vascular-cerebral","status":"publish","type":"post","link":"https:\/\/focotocantinense.com.br\/?p=6810","title":{"rendered":"Cantor e compositor Gen\u00e9sio Tocantins reage bem ap\u00f3s acidente vascular cerebral"},"content":{"rendered":"\n<p>Internado desde ontem cedo no Hospital Geral de Palmas (HGP) ap\u00f3s sofrer um Acidente Vascular Cerebral (AVC), o nosso cantor e compositor Gen\u00e9sio Tocantins reage bem ao tratamento a que vem sendo submetido. De acordo com boletim m\u00e9dico passado a familiares e amigos na tarde deste s\u00e1bado, ele conseguiu se alimentar com vitamina, os p\u00e9s desincharam mais e seu semblante est\u00e1 bem melhor do que ontem. Al\u00e9m do AVC, Gen\u00e9sio tem uma insufici\u00eancia card\u00edaca que vem sendo acompanhada e tratada.<\/p>\n\n\n\n<p>Mesmo sem falar, ele demonstra compreender o que lhe dizem e se emocionou ao receber visitas de familiares e amigos e ao tomar conhecimento da preocupa\u00e7\u00e3o, ora\u00e7\u00f5es e torcidas por sua recupera\u00e7\u00e3o de muita gente do Tocantins, Goi\u00e1s, Bras\u00edlia, de outros estados e at\u00e9 do Exterior. S\u00e3o amigos, artistas, jornalistas e f\u00e3s que buscam informa\u00e7\u00f5es e hipotecam solidariedade a Gen\u00e9sio.<\/p>\n\n\n\n<p>Desde ontem, o Governo do Estado atrav\u00e9s da Casa Civil, das Secretarias da Sa\u00fade e da Cultura (Secult) vem dando total apoio ao m\u00fasico e familiares. Com o aval do governador Wanderlei Barbosa, os secret\u00e1rios Deocleciano Gomes, Carlos Felinto e Ti\u00e3o Pinheiro acompanham pessoalmente com as provid\u00eancias que se fazem necess\u00e1rias e os votos de pronta recupera\u00e7\u00e3o do artista.<\/p>\n\n\n\n<figure class=\"wp-block-image size-full\"><img loading=\"lazy\" decoding=\"async\" width=\"1024\" height=\"585\" src=\"https:\/\/focotocantinense.com.br\/wp-content\/uploads\/2024\/01\/35_anos_do_tocantins_f6_o_cantor_tocantinense_genesio_tocantins_se_apresentou_na_sessao_solene_35_anos_to_foto_vinicius_santa_rosa_1024x585jpg-1.jpg\" alt=\"\" class=\"wp-image-6813\" srcset=\"https:\/\/focotocantinense.com.br\/wp-content\/uploads\/2024\/01\/35_anos_do_tocantins_f6_o_cantor_tocantinense_genesio_tocantins_se_apresentou_na_sessao_solene_35_anos_to_foto_vinicius_santa_rosa_1024x585jpg-1.jpg 1024w, https:\/\/focotocantinense.com.br\/wp-content\/uploads\/2024\/01\/35_anos_do_tocantins_f6_o_cantor_tocantinense_genesio_tocantins_se_apresentou_na_sessao_solene_35_anos_to_foto_vinicius_santa_rosa_1024x585jpg-1-300x171.jpg 300w, https:\/\/focotocantinense.com.br\/wp-content\/uploads\/2024\/01\/35_anos_do_tocantins_f6_o_cantor_tocantinense_genesio_tocantins_se_apresentou_na_sessao_solene_35_anos_to_foto_vinicius_santa_rosa_1024x585jpg-1-768x439.jpg 768w\" sizes=\"auto, (max-width: 1024px) 100vw, 1024px\" \/><\/figure>\n\n\n\n<p><\/p>\n\n\n\n<p><\/p>\n\n\n\n<figure class=\"wp-block-image\"><img decoding=\"async\" src=\"http:\/\/n1to.com.br\/img\/uploads\/VINI_181_103.jpg\" alt=\"\"\/><\/figure>\n","protected":false},"excerpt":{"rendered":"<p>Internado desde ontem cedo no Hospital Geral de Palmas (HGP) ap\u00f3s sofrer um Acidente Vascular Cerebral (AVC), o nosso cantor e compositor Gen\u00e9sio Tocantins reage bem ao tratamento a que vem sendo submetido. De acordo com boletim m\u00e9dico passado a familiares e amigos na tarde deste s\u00e1bado, ele conseguiu se alimentar com vitamina, os p\u00e9s &hellip;<\/p>\n","protected":false},"author":5,"featured_media":6811,"comment_status":"open","ping_status":"open","sticky":false,"template":"","format":"standard","meta":{"footnotes":""},"categories":[104],"tags":[],"class_list":["post-6810","post","type-post","status-publish","format-standard","has-post-thumbnail","","category-cultura"],"_links":{"self":[{"href":"https:\/\/focotocantinense.com.br\/index.php?rest_route=\/wp\/v2\/posts\/6810","targetHints":{"allow":["GET"]}}],"collection":[{"href":"https:\/\/focotocantinense.com.br\/index.php?rest_route=\/wp\/v2\/posts"}],"about":[{"href":"https:\/\/focotocantinense.com.br\/index.php?rest_route=\/wp\/v2\/types\/post"}],"author":[{"embeddable":true,"href":"https:\/\/focotocantinense.com.br\/index.php?rest_route=\/wp\/v2\/users\/5"}],"replies":[{"embeddable":true,"href":"https:\/\/focotocantinense.com.br\/index.php?rest_route=%2Fwp%2Fv2%2Fcomments&post=6810"}],"version-history":[{"count":2,"href":"https:\/\/focotocantinense.com.br\/index.php?rest_route=\/wp\/v2\/posts\/6810\/revisions"}],"predecessor-version":[{"id":6814,"href":"https:\/\/focotocantinense.com.br\/index.php?rest_route=\/wp\/v2\/posts\/6810\/revisions\/6814"}],"wp:featuredmedia":[{"embeddable":true,"href":"https:\/\/focotocantinense.com.br\/index.php?rest_route=\/wp\/v2\/media\/6811"}],"wp:attachment":[{"href":"https:\/\/focotocantinense.com.br\/index.php?rest_route=%2Fwp%2Fv2%2Fmedia&parent=6810"}],"wp:term":[{"taxonomy":"category","embeddable":true,"href":"https:\/\/focotocantinense.com.br\/index.php?rest_route=%2Fwp%2Fv2%2Fcategories&post=6810"},{"taxonomy":"post_tag","embeddable":true,"href":"https:\/\/focotocantinense.com.br\/index.php?rest_route=%2Fwp%2Fv2%2Ftags&post=6810"}],"curies":[{"name":"wp","href":"https:\/\/api.w.org\/{rel}","templated":true}]}}