{"id":6804,"date":"2024-01-25T20:52:28","date_gmt":"2024-01-25T23:52:28","guid":{"rendered":"https:\/\/focotocantinense.com.br\/?p=6804"},"modified":"2024-01-25T20:53:35","modified_gmt":"2024-01-25T23:53:35","slug":"clube-do-minhoca-em-sao-paulo-apresenta-show-de-humor-com-o-tocantinense-vinicius-martins","status":"publish","type":"post","link":"https:\/\/focotocantinense.com.br\/?p=6804","title":{"rendered":"Clube do Minhoca, em S\u00e3o Paulo, apresenta show de humor com o tocantinense Vin\u00edcius Martins"},"content":{"rendered":"\n<p>Depois de Bras\u00edlia,&nbsp;&nbsp;o humorista tocantinense Vin\u00edcius Martins desembarca nesta sexta-feira, 26, em S\u00e3o Paulo para se apresentar no Clube do Minhoca, espa\u00e7o cultural do comediante Patrick Maia, Vinicius vai participar do&nbsp;&nbsp;&nbsp;projeto Os CINC\u00c3O do Minhoca.&nbsp;&nbsp;para novos comediantes se aventuram nesse festejado&nbsp;&nbsp;palco que se tornou vitrine do humor brasileiro contempor\u00e2neo.<\/p>\n\n\n\n<figure class=\"wp-block-image size-large is-resized\"><img loading=\"lazy\" decoding=\"async\" width=\"1024\" height=\"683\" src=\"https:\/\/focotocantinense.com.br\/wp-content\/uploads\/2024\/01\/a-1-1024x683.jpg\" alt=\"\" class=\"wp-image-6805\" style=\"width:398px;height:auto\" srcset=\"https:\/\/focotocantinense.com.br\/wp-content\/uploads\/2024\/01\/a-1-1024x683.jpg 1024w, https:\/\/focotocantinense.com.br\/wp-content\/uploads\/2024\/01\/a-1-300x200.jpg 300w, https:\/\/focotocantinense.com.br\/wp-content\/uploads\/2024\/01\/a-1-768x512.jpg 768w, https:\/\/focotocantinense.com.br\/wp-content\/uploads\/2024\/01\/a-1-1536x1024.jpg 1536w, https:\/\/focotocantinense.com.br\/wp-content\/uploads\/2024\/01\/a-1.jpg 1920w\" sizes=\"auto, (max-width: 1024px) 100vw, 1024px\" \/><\/figure>\n\n\n\n<p><\/p>\n\n\n\n<figure class=\"wp-block-image size-full is-resized\"><img loading=\"lazy\" decoding=\"async\" width=\"640\" height=\"193\" src=\"https:\/\/focotocantinense.com.br\/wp-content\/uploads\/2024\/01\/VINI_181-4.jpg\" alt=\"\" class=\"wp-image-6794\" style=\"width:403px;height:auto\" srcset=\"https:\/\/focotocantinense.com.br\/wp-content\/uploads\/2024\/01\/VINI_181-4.jpg 640w, https:\/\/focotocantinense.com.br\/wp-content\/uploads\/2024\/01\/VINI_181-4-300x90.jpg 300w\" sizes=\"auto, (max-width: 640px) 100vw, 640px\" \/><\/figure>\n","protected":false},"excerpt":{"rendered":"<p>Depois de Bras\u00edlia,&nbsp;&nbsp;o humorista tocantinense Vin\u00edcius Martins desembarca nesta sexta-feira, 26, em S\u00e3o Paulo para se apresentar no Clube do Minhoca, espa\u00e7o cultural do comediante Patrick Maia, Vinicius vai participar do&nbsp;&nbsp;&nbsp;projeto Os CINC\u00c3O do Minhoca.&nbsp;&nbsp;para novos comediantes se aventuram nesse festejado&nbsp;&nbsp;palco que se tornou vitrine do humor brasileiro contempor\u00e2neo.<\/p>\n","protected":false},"author":5,"featured_media":0,"comment_status":"open","ping_status":"open","sticky":false,"template":"","format":"standard","meta":{"footnotes":""},"categories":[1],"tags":[],"class_list":["post-6804","post","type-post","status-publish","format-standard","","category-sem-categoria"],"_links":{"self":[{"href":"https:\/\/focotocantinense.com.br\/index.php?rest_route=\/wp\/v2\/posts\/6804","targetHints":{"allow":["GET"]}}],"collection":[{"href":"https:\/\/focotocantinense.com.br\/index.php?rest_route=\/wp\/v2\/posts"}],"about":[{"href":"https:\/\/focotocantinense.com.br\/index.php?rest_route=\/wp\/v2\/types\/post"}],"author":[{"embeddable":true,"href":"https:\/\/focotocantinense.com.br\/index.php?rest_route=\/wp\/v2\/users\/5"}],"replies":[{"embeddable":true,"href":"https:\/\/focotocantinense.com.br\/index.php?rest_route=%2Fwp%2Fv2%2Fcomments&post=6804"}],"version-history":[{"count":4,"href":"https:\/\/focotocantinense.com.br\/index.php?rest_route=\/wp\/v2\/posts\/6804\/revisions"}],"predecessor-version":[{"id":6809,"href":"https:\/\/focotocantinense.com.br\/index.php?rest_route=\/wp\/v2\/posts\/6804\/revisions\/6809"}],"wp:attachment":[{"href":"https:\/\/focotocantinense.com.br\/index.php?rest_route=%2Fwp%2Fv2%2Fmedia&parent=6804"}],"wp:term":[{"taxonomy":"category","embeddable":true,"href":"https:\/\/focotocantinense.com.br\/index.php?rest_route=%2Fwp%2Fv2%2Fcategories&post=6804"},{"taxonomy":"post_tag","embeddable":true,"href":"https:\/\/focotocantinense.com.br\/index.php?rest_route=%2Fwp%2Fv2%2Ftags&post=6804"}],"curies":[{"name":"wp","href":"https:\/\/api.w.org\/{rel}","templated":true}]}}