{"id":6797,"date":"2024-01-22T17:07:57","date_gmt":"2024-01-22T20:07:57","guid":{"rendered":"https:\/\/focotocantinense.com.br\/?p=6797"},"modified":"2024-01-22T17:07:57","modified_gmt":"2024-01-22T20:07:57","slug":"assistencia-social-e-beneficiada-com-emenda-de-r-1-milhao-de-antonio-andrade","status":"publish","type":"post","link":"https:\/\/focotocantinense.com.br\/?p=6797","title":{"rendered":"Assist\u00eancia Social \u00e9 beneficiada com emenda de R$ 1 milh\u00e3o de Antonio Andrade"},"content":{"rendered":"\n<p>A Assist\u00eancia Social do estado do Tocantins ganhou um importante refor\u00e7o financeiro com a destina\u00e7\u00e3o de R$ 1 milh\u00e3o proveniente de uma emenda parlamentar de bancada do Deputado Antonio Andrade. O aporte financeiro visa fortalecer e expandir os programas e servi\u00e7os sociais que beneficiam diretamente a popula\u00e7\u00e3o em situa\u00e7\u00e3o de vulnerabilidade.<\/p>\n\n\n\n<p>O parlamentar, conhecido pelo seu comprometimento com causas sociais, destinou a emenda com o intuito de promover melhorias significativas nos servi\u00e7os prestados pela Assist\u00eancia Social estadual. A verba ser\u00e1 utilizada para aprimorar infraestruturas, ampliar a capacidade de atendimento e incluir novos projetos que visam \u00e0 inclus\u00e3o e o apoio \u00e0s fam\u00edlias em situa\u00e7\u00e3o de risco.<\/p>\n\n\n\n<p>Dentre as \u00e1reas que ser\u00e3o beneficiadas com o investimento est\u00e3o os programas de acolhimento a crian\u00e7as e adolescentes, apoio a idosos em situa\u00e7\u00e3o de vulnerabilidade, incentivo \u00e0 inclus\u00e3o de pessoas com defici\u00eancia, e a\u00e7\u00f5es voltadas para o enfrentamento da pobreza e da fome.<\/p>\n\n\n\n<p>O Deputado Federal Antonio Andrade enfatizou a import\u00e2ncia de promover a igualdade social e o acesso a servi\u00e7os b\u00e1sicos para todos. &#8220;Estou certo de que essa emenda de um milh\u00e3o ser\u00e1 fundamental para fortalecer a Assist\u00eancia Social do nosso munic\u00edpio, garantindo que nenhum cidad\u00e3o seja deixado para tr\u00e1s. \u00c9 um compromisso com o bem-estar da nossa comunidade&#8221;, afirmou o parlamentar.<\/p>\n\n\n\n<p>Com essa significativa inje\u00e7\u00e3o de recursos, a Assist\u00eancia Social se posiciona como pe\u00e7a-chave na constru\u00e7\u00e3o de uma sociedade mais justa e inclusiva, reafirmando o compromisso do Deputado Antonio Andrade com o desenvolvimento e o bem-estar da popula\u00e7\u00e3o local.<\/p>\n\n\n\n<p>Assessoria de Comunica\u00e7\u00e3o \u2013 Deputado Federal Antonio Andrade<\/p>\n\n\n\n<figure class=\"wp-block-image size-full\"><img loading=\"lazy\" decoding=\"async\" width=\"678\" height=\"452\" src=\"https:\/\/focotocantinense.com.br\/wp-content\/uploads\/2024\/01\/WhatsApp-Image-2024-01-19-at-13.34.43-1.jpeg\" alt=\"\" class=\"wp-image-6799\" srcset=\"https:\/\/focotocantinense.com.br\/wp-content\/uploads\/2024\/01\/WhatsApp-Image-2024-01-19-at-13.34.43-1.jpeg 678w, https:\/\/focotocantinense.com.br\/wp-content\/uploads\/2024\/01\/WhatsApp-Image-2024-01-19-at-13.34.43-1-300x200.jpeg 300w\" sizes=\"auto, (max-width: 678px) 100vw, 678px\" \/><\/figure>\n","protected":false},"excerpt":{"rendered":"<p>A Assist\u00eancia Social do estado do Tocantins ganhou um importante refor\u00e7o financeiro com a destina\u00e7\u00e3o de R$ 1 milh\u00e3o proveniente de uma emenda parlamentar de bancada do Deputado Antonio Andrade. O aporte financeiro visa fortalecer e expandir os programas e servi\u00e7os sociais que beneficiam diretamente a popula\u00e7\u00e3o em situa\u00e7\u00e3o de vulnerabilidade. O parlamentar, conhecido pelo &hellip;<\/p>\n","protected":false},"author":5,"featured_media":6798,"comment_status":"open","ping_status":"open","sticky":false,"template":"","format":"standard","meta":{"footnotes":""},"categories":[1],"tags":[],"class_list":["post-6797","post","type-post","status-publish","format-standard","has-post-thumbnail","","category-sem-categoria"],"_links":{"self":[{"href":"https:\/\/focotocantinense.com.br\/index.php?rest_route=\/wp\/v2\/posts\/6797","targetHints":{"allow":["GET"]}}],"collection":[{"href":"https:\/\/focotocantinense.com.br\/index.php?rest_route=\/wp\/v2\/posts"}],"about":[{"href":"https:\/\/focotocantinense.com.br\/index.php?rest_route=\/wp\/v2\/types\/post"}],"author":[{"embeddable":true,"href":"https:\/\/focotocantinense.com.br\/index.php?rest_route=\/wp\/v2\/users\/5"}],"replies":[{"embeddable":true,"href":"https:\/\/focotocantinense.com.br\/index.php?rest_route=%2Fwp%2Fv2%2Fcomments&post=6797"}],"version-history":[{"count":1,"href":"https:\/\/focotocantinense.com.br\/index.php?rest_route=\/wp\/v2\/posts\/6797\/revisions"}],"predecessor-version":[{"id":6800,"href":"https:\/\/focotocantinense.com.br\/index.php?rest_route=\/wp\/v2\/posts\/6797\/revisions\/6800"}],"wp:featuredmedia":[{"embeddable":true,"href":"https:\/\/focotocantinense.com.br\/index.php?rest_route=\/wp\/v2\/media\/6798"}],"wp:attachment":[{"href":"https:\/\/focotocantinense.com.br\/index.php?rest_route=%2Fwp%2Fv2%2Fmedia&parent=6797"}],"wp:term":[{"taxonomy":"category","embeddable":true,"href":"https:\/\/focotocantinense.com.br\/index.php?rest_route=%2Fwp%2Fv2%2Fcategories&post=6797"},{"taxonomy":"post_tag","embeddable":true,"href":"https:\/\/focotocantinense.com.br\/index.php?rest_route=%2Fwp%2Fv2%2Ftags&post=6797"}],"curies":[{"name":"wp","href":"https:\/\/api.w.org\/{rel}","templated":true}]}}