{"id":6792,"date":"2024-01-22T14:36:51","date_gmt":"2024-01-22T17:36:51","guid":{"rendered":"https:\/\/focotocantinense.com.br\/?p=6792"},"modified":"2024-01-22T14:36:52","modified_gmt":"2024-01-22T17:36:52","slug":"ano-letivo-comeca-em-gurupi-com-retorno-das-aulas-na-rede-municipal","status":"publish","type":"post","link":"https:\/\/focotocantinense.com.br\/?p=6792","title":{"rendered":"Ano letivo come\u00e7a em Gurupi com retorno das aulas na rede Municipal"},"content":{"rendered":"\n<p>Fim de f\u00e9rias e hora de retornar \u00e0s rotinas escolares para mais de 8.500 alunos da rede Municipal de Ensino de Gurupi. Nesta segunda-feira, 22, as 27 escolas do Sistema de Ensino Municipal de Gurupi retomaram as atividades escolares do ano letivo 2024 para os alunos do ensino infantil e fundamental. J\u00e1 para os alunos do Ensino de Jovens e Adultos (EJA), o retorno est\u00e1 agendado para o pr\u00f3ximo dia 29. &nbsp;<\/p>\n\n\n\n<p>Nas \u00faltimas semanas, a equipe da Secretaria Municipal de Educa\u00e7\u00e3o empenhou-se para preparar o ambiente e garantir uma recep\u00e7\u00e3o acolhedora aos estudantes neste retorno. A Secret\u00e1ria de Educa\u00e7\u00e3o, Cristina Donato Leandro, acompanhou pessoalmente a volta \u00e0s aulas em algumas escolas.<\/p>\n\n\n\n<p>\u201cRealizamos um planejamento abrangente para acolher os quase 9 mil alunos da rede municipal de ensino. Realizamos forma\u00e7\u00f5es para docentes, equipe gestora e merendeiras. Trabalhamos em diversas \u00e1reas, incluindo pedag\u00f3gico, administrativo, financeiro e gest\u00e3o como um todo. As escolas foram abastecidas com materiais did\u00e1ticos, de limpeza e expediente. Algumas passaram por manuten\u00e7\u00e3o e receberam novos aparelhos de ar-condicionado. Todas as dimens\u00f5es para proporcionar qualidade na educa\u00e7\u00e3o aos alunos da rede municipal foram cuidadosamente trabalhadas\u201d, destacou a secret\u00e1ria\u201d, pontuou a secret\u00e1ria.<\/p>\n\n\n\n<p>Os profissionais da educa\u00e7\u00e3o participaram da Forma\u00e7\u00e3o Continuada com foco no desenvolvimento de compet\u00eancias socioemocionais, alfabetiza\u00e7\u00e3o\/letramento, gest\u00e3o escolar e pedag\u00f3gica e as merendeiras receberam um treinamento te\u00f3rico e pr\u00e1tico sobre manipula\u00e7\u00e3o de alimentos.<\/p>\n\n\n\n<p>O calend\u00e1rio escolar prev\u00ea 202 dias letivos para este ano e o in\u00edcio das aulas foi antecipado, para maior aproveitamento do aprendizado e deixar livre os s\u00e1bados. Conforme o calend\u00e1rio, as f\u00e9rias est\u00e3o programadas do 1\u00ba ao dia 30 de julho. Al\u00e9m disso, est\u00e3o previstos 8 dias de recesso, 14 feriados, e o encerramento das aulas est\u00e1 marcado para o dia 19 de dezembro.\u00a0<\/p>\n\n\n\n<figure class=\"wp-block-image size-full\"><img loading=\"lazy\" decoding=\"async\" width=\"871\" height=\"459\" src=\"https:\/\/focotocantinense.com.br\/wp-content\/uploads\/2024\/01\/aaaaaaaaaaaaaaa-1.jpg\" alt=\"\" class=\"wp-image-6795\" srcset=\"https:\/\/focotocantinense.com.br\/wp-content\/uploads\/2024\/01\/aaaaaaaaaaaaaaa-1.jpg 871w, https:\/\/focotocantinense.com.br\/wp-content\/uploads\/2024\/01\/aaaaaaaaaaaaaaa-1-300x158.jpg 300w, https:\/\/focotocantinense.com.br\/wp-content\/uploads\/2024\/01\/aaaaaaaaaaaaaaa-1-768x405.jpg 768w\" sizes=\"auto, (max-width: 871px) 100vw, 871px\" \/><\/figure>\n\n\n\n<p><\/p>\n\n\n\n<figure class=\"wp-block-image size-full\"><img loading=\"lazy\" decoding=\"async\" width=\"640\" height=\"193\" src=\"https:\/\/focotocantinense.com.br\/wp-content\/uploads\/2024\/01\/VINI_181-4.jpg\" alt=\"\" class=\"wp-image-6794\" srcset=\"https:\/\/focotocantinense.com.br\/wp-content\/uploads\/2024\/01\/VINI_181-4.jpg 640w, https:\/\/focotocantinense.com.br\/wp-content\/uploads\/2024\/01\/VINI_181-4-300x90.jpg 300w\" sizes=\"auto, (max-width: 640px) 100vw, 640px\" \/><\/figure>\n","protected":false},"excerpt":{"rendered":"<p>Fim de f\u00e9rias e hora de retornar \u00e0s rotinas escolares para mais de 8.500 alunos da rede Municipal de Ensino de Gurupi. Nesta segunda-feira, 22, as 27 escolas do Sistema de Ensino Municipal de Gurupi retomaram as atividades escolares do ano letivo 2024 para os alunos do ensino infantil e fundamental. J\u00e1 para os alunos &hellip;<\/p>\n","protected":false},"author":5,"featured_media":6793,"comment_status":"open","ping_status":"open","sticky":false,"template":"","format":"standard","meta":{"footnotes":""},"categories":[38],"tags":[],"class_list":["post-6792","post","type-post","status-publish","format-standard","has-post-thumbnail","","category-gurupi"],"_links":{"self":[{"href":"https:\/\/focotocantinense.com.br\/index.php?rest_route=\/wp\/v2\/posts\/6792","targetHints":{"allow":["GET"]}}],"collection":[{"href":"https:\/\/focotocantinense.com.br\/index.php?rest_route=\/wp\/v2\/posts"}],"about":[{"href":"https:\/\/focotocantinense.com.br\/index.php?rest_route=\/wp\/v2\/types\/post"}],"author":[{"embeddable":true,"href":"https:\/\/focotocantinense.com.br\/index.php?rest_route=\/wp\/v2\/users\/5"}],"replies":[{"embeddable":true,"href":"https:\/\/focotocantinense.com.br\/index.php?rest_route=%2Fwp%2Fv2%2Fcomments&post=6792"}],"version-history":[{"count":1,"href":"https:\/\/focotocantinense.com.br\/index.php?rest_route=\/wp\/v2\/posts\/6792\/revisions"}],"predecessor-version":[{"id":6796,"href":"https:\/\/focotocantinense.com.br\/index.php?rest_route=\/wp\/v2\/posts\/6792\/revisions\/6796"}],"wp:featuredmedia":[{"embeddable":true,"href":"https:\/\/focotocantinense.com.br\/index.php?rest_route=\/wp\/v2\/media\/6793"}],"wp:attachment":[{"href":"https:\/\/focotocantinense.com.br\/index.php?rest_route=%2Fwp%2Fv2%2Fmedia&parent=6792"}],"wp:term":[{"taxonomy":"category","embeddable":true,"href":"https:\/\/focotocantinense.com.br\/index.php?rest_route=%2Fwp%2Fv2%2Fcategories&post=6792"},{"taxonomy":"post_tag","embeddable":true,"href":"https:\/\/focotocantinense.com.br\/index.php?rest_route=%2Fwp%2Fv2%2Ftags&post=6792"}],"curies":[{"name":"wp","href":"https:\/\/api.w.org\/{rel}","templated":true}]}}