{"id":6788,"date":"2024-01-20T20:13:28","date_gmt":"2024-01-20T23:13:28","guid":{"rendered":"https:\/\/focotocantinense.com.br\/?p=6788"},"modified":"2024-01-20T20:13:51","modified_gmt":"2024-01-20T23:13:51","slug":"acig-promove-reuniao-estrategica-com-empresarios-do-parque-agroindustrial-de-gurupi","status":"publish","type":"post","link":"https:\/\/focotocantinense.com.br\/?p=6788","title":{"rendered":"ACIG promove reuni\u00e3o estrat\u00e9gica com empres\u00e1rios do Parque Agroindustrial de Gurupi"},"content":{"rendered":"\n<p>Na tarde desta sexta-feira, dia 18 de janeiro, a Associa\u00e7\u00e3o Comercial e Industrial de Gurupi (ACIG) protagonizou um encontro estrat\u00e9gico com empres\u00e1rios do Parque Agroindustrial de Gurupi e a Secret\u00e1ria de Desenvolvimento Econ\u00f4mico e Meio Ambiente, Daniela Vitorino. O encontro teve como principal objetivo a discuss\u00e3o de projetos futuros para beneficiar o parque, fortalecendo a infraestrutura e as condi\u00e7\u00f5es de trabalho na regi\u00e3o.<\/p>\n\n\n\n<p>O presidente da ACIG, Wilson de Souza, e o vice-presidente, Marcelo Dominici, lideraram a reuni\u00e3o apresentando um abrangente projeto que abrange diversas melhorias. Entre os pontos destacados estavam o plano de paisagismo, placas de identifica\u00e7\u00e3o, sistemas de monitoramento, solicita\u00e7\u00e3o de ilumina\u00e7\u00e3o para o trecho entre o final da Avenida Goi\u00e1s at\u00e9 a Cooperfrigu, al\u00e9m do projeto de pavimenta\u00e7\u00e3o asf\u00e1ltica e outras demandas.<\/p>\n\n\n\n<p>Todas as propostas e solicita\u00e7\u00f5es discutidas durante a reuni\u00e3o ser\u00e3o formalizadas por meio de of\u00edcios e encaminhadas \u00e0s secretarias respons\u00e1veis por cada \u00e1rea. Os empres\u00e1rios do Parque Agroindustrial de Gurupi tiveram a oportunidade de expressar suas preocupa\u00e7\u00f5es e apresentar problemas que precisam ser resolvidos, incluindo a falta de \u00e1gua tratada e de esgoto, quest\u00f5es relacionadas \u00e0 rede de energia el\u00e9trica, entre outras pautas.<\/p>\n\n\n\n<p>O presidente da ACIG, Wilson F\u00e9lix, ressaltou a import\u00e2ncia da aten\u00e7\u00e3o do poder p\u00fablico para o Parque Agroindustrial, enfatizando que&nbsp;<em>\u201ch\u00e1 um quantitativo grande de empresas e colaboradores que necessitam de uma aten\u00e7\u00e3o maior\u201d.<\/em>&nbsp;A ACIG, como entidade atuante na defesa do empresariado local, comprometeu-se a cobrar melhorias junto \u00e0s autoridades competentes, visando aprimorar as condi\u00e7\u00f5es de trabalho e fortalecer o desenvolvimento econ\u00f4mico da regi\u00e3o.<\/p>\n\n\n\n<p>Em sua fala, a Secret\u00e1ria de Desenvolvimento Econ\u00f4mico e Meio Ambiente, Daniela Vitorino, destacou a import\u00e2ncia da parceria entre ACIG e Secretaria. Ela ressaltou:&nbsp;<em>\u201cA Secretaria de Desenvolvimento Econ\u00f4mico v\u00ea com \u00f3timos olhos essa reuni\u00e3o que aconteceu na ACIG. A institui\u00e7\u00e3o sempre foi uma grande parceira nos assuntos de gera\u00e7\u00e3o de emprego e renda do munic\u00edpio e tem um carinho especial pelo Parque Industrial de Gurupi.\u201d<\/em><\/p>\n\n\n\n<p>Vitorino lembrou de a\u00e7\u00f5es anteriores, como a parceria com a Pol\u00edcia Militar para o videomonitoramento do Parque Agroindustrial. Agora, a Secretaria destaca a nova parceria para facilitar a chegada de empresas de grande porte \u00e0 cidade. Ela concluiu:\u00a0<em>\u201cA credibilidade da ACIG nos engrandece muito&#8221;.\u00a0\u00a0<strong>(Jonas Amaral | Com informa\u00e7\u00f5es da Ascom ACIG )<\/strong><\/em><\/p>\n\n\n\n<figure class=\"wp-block-image size-full\"><img loading=\"lazy\" decoding=\"async\" width=\"1017\" height=\"451\" src=\"https:\/\/focotocantinense.com.br\/wp-content\/uploads\/2024\/01\/aaa.jpg\" alt=\"\" class=\"wp-image-6789\" srcset=\"https:\/\/focotocantinense.com.br\/wp-content\/uploads\/2024\/01\/aaa.jpg 1017w, https:\/\/focotocantinense.com.br\/wp-content\/uploads\/2024\/01\/aaa-300x133.jpg 300w, https:\/\/focotocantinense.com.br\/wp-content\/uploads\/2024\/01\/aaa-768x341.jpg 768w\" sizes=\"auto, (max-width: 1017px) 100vw, 1017px\" \/><\/figure>\n\n\n\n<figure class=\"wp-block-image size-full\"><img loading=\"lazy\" decoding=\"async\" width=\"640\" height=\"193\" src=\"https:\/\/focotocantinense.com.br\/wp-content\/uploads\/2024\/01\/VINI_181-3.jpg\" alt=\"\" class=\"wp-image-6769\" srcset=\"https:\/\/focotocantinense.com.br\/wp-content\/uploads\/2024\/01\/VINI_181-3.jpg 640w, https:\/\/focotocantinense.com.br\/wp-content\/uploads\/2024\/01\/VINI_181-3-300x90.jpg 300w\" sizes=\"auto, (max-width: 640px) 100vw, 640px\" \/><\/figure>\n","protected":false},"excerpt":{"rendered":"<p>Na tarde desta sexta-feira, dia 18 de janeiro, a Associa\u00e7\u00e3o Comercial e Industrial de Gurupi (ACIG) protagonizou um encontro estrat\u00e9gico com empres\u00e1rios do Parque Agroindustrial de Gurupi e a Secret\u00e1ria de Desenvolvimento Econ\u00f4mico e Meio Ambiente, Daniela Vitorino. O encontro teve como principal objetivo a discuss\u00e3o de projetos futuros para beneficiar o parque, fortalecendo a &hellip;<\/p>\n","protected":false},"author":5,"featured_media":6789,"comment_status":"open","ping_status":"open","sticky":false,"template":"","format":"standard","meta":{"footnotes":""},"categories":[38],"tags":[],"class_list":["post-6788","post","type-post","status-publish","format-standard","has-post-thumbnail","","category-gurupi"],"_links":{"self":[{"href":"https:\/\/focotocantinense.com.br\/index.php?rest_route=\/wp\/v2\/posts\/6788","targetHints":{"allow":["GET"]}}],"collection":[{"href":"https:\/\/focotocantinense.com.br\/index.php?rest_route=\/wp\/v2\/posts"}],"about":[{"href":"https:\/\/focotocantinense.com.br\/index.php?rest_route=\/wp\/v2\/types\/post"}],"author":[{"embeddable":true,"href":"https:\/\/focotocantinense.com.br\/index.php?rest_route=\/wp\/v2\/users\/5"}],"replies":[{"embeddable":true,"href":"https:\/\/focotocantinense.com.br\/index.php?rest_route=%2Fwp%2Fv2%2Fcomments&post=6788"}],"version-history":[{"count":2,"href":"https:\/\/focotocantinense.com.br\/index.php?rest_route=\/wp\/v2\/posts\/6788\/revisions"}],"predecessor-version":[{"id":6791,"href":"https:\/\/focotocantinense.com.br\/index.php?rest_route=\/wp\/v2\/posts\/6788\/revisions\/6791"}],"wp:featuredmedia":[{"embeddable":true,"href":"https:\/\/focotocantinense.com.br\/index.php?rest_route=\/wp\/v2\/media\/6789"}],"wp:attachment":[{"href":"https:\/\/focotocantinense.com.br\/index.php?rest_route=%2Fwp%2Fv2%2Fmedia&parent=6788"}],"wp:term":[{"taxonomy":"category","embeddable":true,"href":"https:\/\/focotocantinense.com.br\/index.php?rest_route=%2Fwp%2Fv2%2Fcategories&post=6788"},{"taxonomy":"post_tag","embeddable":true,"href":"https:\/\/focotocantinense.com.br\/index.php?rest_route=%2Fwp%2Fv2%2Ftags&post=6788"}],"curies":[{"name":"wp","href":"https:\/\/api.w.org\/{rel}","templated":true}]}}