{"id":6785,"date":"2024-01-19T11:17:12","date_gmt":"2024-01-19T14:17:12","guid":{"rendered":"https:\/\/focotocantinense.com.br\/?p=6785"},"modified":"2024-01-19T11:17:12","modified_gmt":"2024-01-19T14:17:12","slug":"antonio-andrade-destina-emenda-de-r-10-milhoes-para-fortalecer-a-educacao-basica-no-tocantins","status":"publish","type":"post","link":"https:\/\/focotocantinense.com.br\/?p=6785","title":{"rendered":"Antonio Andrade destina emenda de R$ 10 milh\u00f5es para fortalecer a Educa\u00e7\u00e3o B\u00e1sica no Tocantins"},"content":{"rendered":"\n<p>O Deputado Federal Antonio Andrade (Republicanos) anunciou nesta semana uma significativa emenda parlamentar de bancada no valor de R$ 10 milh\u00f5es para a Educa\u00e7\u00e3o B\u00e1sica no estado do Tocantins.<\/p>\n\n\n\n<p>O aporte financeiro tem como objetivo fortalecer o setor educacional, proporcionando melhorias estruturais e promovendo o acesso \u00e0 educa\u00e7\u00e3o de qualidade para os estudantes de todo o Estado.<\/p>\n\n\n\n<p>A destina\u00e7\u00e3o dos recursos visa atender demandas essenciais da Educa\u00e7\u00e3o B\u00e1sica, abrangendo desde a infraestrutura das escolas at\u00e9 a capacita\u00e7\u00e3o de professores, com o intuito de garantir um ambiente prop\u00edcio para o desenvolvimento educacional dos alunos.<\/p>\n\n\n\n<p>Antonio Andrade ressaltou a import\u00e2ncia de investir na Educa\u00e7\u00e3o B\u00e1sica como forma de construir uma sociedade mais justa e desenvolvida. &#8220;A educa\u00e7\u00e3o \u00e9 a base para o crescimento sustent\u00e1vel de qualquer na\u00e7\u00e3o. Ao destinar esses R$ 10 milh\u00f5es para a Educa\u00e7\u00e3o B\u00e1sica do Tocantins, estamos investindo no futuro, proporcionando oportunidades iguais para todos os estudantes e contribuindo para a forma\u00e7\u00e3o de cidad\u00e3os capacitados e conscientes&#8221;, afirmou o parlamentar.<\/p>\n\n\n\n<p>A emenda parlamentar destina-se a aprimorar as condi\u00e7\u00f5es das escolas, contemplando melhorias como reformas estruturais, aquisi\u00e7\u00e3o de equipamentos modernos, laborat\u00f3rios de ci\u00eancias e tecnologia, bibliotecas, entre outros aspectos essenciais para o processo de ensino-aprendizagem.<\/p>\n\n\n\n<p>Al\u00e9m disso, uma parte significativa dos recursos ser\u00e1 destinada \u00e0 capacita\u00e7\u00e3o e valoriza\u00e7\u00e3o dos profissionais da Educa\u00e7\u00e3o, por meio de programas de forma\u00e7\u00e3o continuada e incentivos para a qualifica\u00e7\u00e3o dos docentes, visando elevar a qualidade do ensino oferecido nas institui\u00e7\u00f5es educacionais do estado.<\/p>\n\n\n\n<p>Assessoria de Comunica\u00e7\u00e3o \u2013 Deputado Federal Antonio Andrade<\/p>\n","protected":false},"excerpt":{"rendered":"<p>O Deputado Federal Antonio Andrade (Republicanos) anunciou nesta semana uma significativa emenda parlamentar de bancada no valor de R$ 10 milh\u00f5es para a Educa\u00e7\u00e3o B\u00e1sica no estado do Tocantins. O aporte financeiro tem como objetivo fortalecer o setor educacional, proporcionando melhorias estruturais e promovendo o acesso \u00e0 educa\u00e7\u00e3o de qualidade para os estudantes de todo &hellip;<\/p>\n","protected":false},"author":5,"featured_media":6786,"comment_status":"open","ping_status":"open","sticky":false,"template":"","format":"standard","meta":{"footnotes":""},"categories":[1],"tags":[],"class_list":["post-6785","post","type-post","status-publish","format-standard","has-post-thumbnail","","category-sem-categoria"],"_links":{"self":[{"href":"https:\/\/focotocantinense.com.br\/index.php?rest_route=\/wp\/v2\/posts\/6785","targetHints":{"allow":["GET"]}}],"collection":[{"href":"https:\/\/focotocantinense.com.br\/index.php?rest_route=\/wp\/v2\/posts"}],"about":[{"href":"https:\/\/focotocantinense.com.br\/index.php?rest_route=\/wp\/v2\/types\/post"}],"author":[{"embeddable":true,"href":"https:\/\/focotocantinense.com.br\/index.php?rest_route=\/wp\/v2\/users\/5"}],"replies":[{"embeddable":true,"href":"https:\/\/focotocantinense.com.br\/index.php?rest_route=%2Fwp%2Fv2%2Fcomments&post=6785"}],"version-history":[{"count":1,"href":"https:\/\/focotocantinense.com.br\/index.php?rest_route=\/wp\/v2\/posts\/6785\/revisions"}],"predecessor-version":[{"id":6787,"href":"https:\/\/focotocantinense.com.br\/index.php?rest_route=\/wp\/v2\/posts\/6785\/revisions\/6787"}],"wp:featuredmedia":[{"embeddable":true,"href":"https:\/\/focotocantinense.com.br\/index.php?rest_route=\/wp\/v2\/media\/6786"}],"wp:attachment":[{"href":"https:\/\/focotocantinense.com.br\/index.php?rest_route=%2Fwp%2Fv2%2Fmedia&parent=6785"}],"wp:term":[{"taxonomy":"category","embeddable":true,"href":"https:\/\/focotocantinense.com.br\/index.php?rest_route=%2Fwp%2Fv2%2Fcategories&post=6785"},{"taxonomy":"post_tag","embeddable":true,"href":"https:\/\/focotocantinense.com.br\/index.php?rest_route=%2Fwp%2Fv2%2Ftags&post=6785"}],"curies":[{"name":"wp","href":"https:\/\/api.w.org\/{rel}","templated":true}]}}