{"id":6782,"date":"2024-01-19T11:15:40","date_gmt":"2024-01-19T14:15:40","guid":{"rendered":"https:\/\/focotocantinense.com.br\/?p=6782"},"modified":"2024-01-19T11:15:41","modified_gmt":"2024-01-19T14:15:41","slug":"deputado-antonio-andrade-destina-emenda-de-1-milhao-de-reais-para-reforcar-acoes-na-saude","status":"publish","type":"post","link":"https:\/\/focotocantinense.com.br\/?p=6782","title":{"rendered":"Deputado Antonio Andrade destina emenda de 1 milh\u00e3o de reais para refor\u00e7ar a\u00e7\u00f5es na sa\u00fade"},"content":{"rendered":"\n<p>A Sa\u00fade do Tocantins vai ser beneficiada com uma emenda parlamentar do deputado federal Antonio Andrade no valor de R$ 1.000.000. Os recursos v\u00e3o permitir a melhoria da qualidade do atendimento \u00e0 sa\u00fade dos tocantinenses que buscam os servi\u00e7os do Sistema \u00danico de Sa\u00fade (SUS) no Estado.<\/p>\n\n\n\n<p>Os recursos se destinam ao custeio de despesas do dia a dia da aten\u00e7\u00e3o prim\u00e1ria da sa\u00fade e \u00e0 manuten\u00e7\u00e3o dos servi\u00e7os m\u00e9dicos e ambulatoriais prestados \u00e0 popula\u00e7\u00e3o local e moradores da regi\u00e3o.<\/p>\n\n\n\n<p>O parlamentar destaca que a Sa\u00fade precisa cada vez mais de um aporte financeiro maior, para que possa ser ofertado atendimento com qualidade e maior dignidade \u00e0 popula\u00e7\u00e3o tocantinense.<\/p>\n\n\n\n<p>&#8220;Sa\u00fade \u00e9 prioridade do nosso mandato tanto na \u00e9poca que era deputado estadual como hoje representando o Tocantins em Bras\u00edlia na C\u00e2mara Federal. Ao longo do meu mandato continuarei trabalhando para fortalecer as a\u00e7\u00f5es de sa\u00fade, visando aprimorar os servi\u00e7os prestados \u00e0 popula\u00e7\u00e3o&#8221;, esclarece o deputado.<\/p>\n\n\n\n<p>Assessoria de Comunica\u00e7\u00e3o \u2013 Deputado Federal Antonio Andrade<\/p>\n","protected":false},"excerpt":{"rendered":"<p>A Sa\u00fade do Tocantins vai ser beneficiada com uma emenda parlamentar do deputado federal Antonio Andrade no valor de R$ 1.000.000. Os recursos v\u00e3o permitir a melhoria da qualidade do atendimento \u00e0 sa\u00fade dos tocantinenses que buscam os servi\u00e7os do Sistema \u00danico de Sa\u00fade (SUS) no Estado. Os recursos se destinam ao custeio de despesas &hellip;<\/p>\n","protected":false},"author":5,"featured_media":6783,"comment_status":"open","ping_status":"open","sticky":false,"template":"","format":"standard","meta":{"footnotes":""},"categories":[1],"tags":[],"class_list":["post-6782","post","type-post","status-publish","format-standard","has-post-thumbnail","","category-sem-categoria"],"_links":{"self":[{"href":"https:\/\/focotocantinense.com.br\/index.php?rest_route=\/wp\/v2\/posts\/6782","targetHints":{"allow":["GET"]}}],"collection":[{"href":"https:\/\/focotocantinense.com.br\/index.php?rest_route=\/wp\/v2\/posts"}],"about":[{"href":"https:\/\/focotocantinense.com.br\/index.php?rest_route=\/wp\/v2\/types\/post"}],"author":[{"embeddable":true,"href":"https:\/\/focotocantinense.com.br\/index.php?rest_route=\/wp\/v2\/users\/5"}],"replies":[{"embeddable":true,"href":"https:\/\/focotocantinense.com.br\/index.php?rest_route=%2Fwp%2Fv2%2Fcomments&post=6782"}],"version-history":[{"count":1,"href":"https:\/\/focotocantinense.com.br\/index.php?rest_route=\/wp\/v2\/posts\/6782\/revisions"}],"predecessor-version":[{"id":6784,"href":"https:\/\/focotocantinense.com.br\/index.php?rest_route=\/wp\/v2\/posts\/6782\/revisions\/6784"}],"wp:featuredmedia":[{"embeddable":true,"href":"https:\/\/focotocantinense.com.br\/index.php?rest_route=\/wp\/v2\/media\/6783"}],"wp:attachment":[{"href":"https:\/\/focotocantinense.com.br\/index.php?rest_route=%2Fwp%2Fv2%2Fmedia&parent=6782"}],"wp:term":[{"taxonomy":"category","embeddable":true,"href":"https:\/\/focotocantinense.com.br\/index.php?rest_route=%2Fwp%2Fv2%2Fcategories&post=6782"},{"taxonomy":"post_tag","embeddable":true,"href":"https:\/\/focotocantinense.com.br\/index.php?rest_route=%2Fwp%2Fv2%2Ftags&post=6782"}],"curies":[{"name":"wp","href":"https:\/\/api.w.org\/{rel}","templated":true}]}}