{"id":6779,"date":"2024-01-19T10:08:11","date_gmt":"2024-01-19T13:08:11","guid":{"rendered":"https:\/\/focotocantinense.com.br\/?p=6779"},"modified":"2024-01-19T10:08:11","modified_gmt":"2024-01-19T13:08:11","slug":"prefeitura-de-gurupi-promove-audiencia-publica-no-setor-jardim-paulista-ii-para-tratar-sobre-a-regularizacao-fundiaria-do-bairro","status":"publish","type":"post","link":"https:\/\/focotocantinense.com.br\/?p=6779","title":{"rendered":"Prefeitura de Gurupi promove audi\u00eancia p\u00fablica no setor Jardim Paulista II para tratar sobre a regulariza\u00e7\u00e3o fundi\u00e1ria do bairro"},"content":{"rendered":"\n<p>A Prefeitura de Gurupi, por meio da Secretaria Municipal de Desenvolvimento Urbano, realizou na noite desta quinta-feira, 18, uma audi\u00eancia p\u00fablica com moradores do setor Jardim Paulista II, com o objetivo de orientar e tirar d\u00favidas sobre cada etapa necess\u00e1ria para a regulariza\u00e7\u00e3o fundi\u00e1ria dos im\u00f3veis do bairro. A iniciativa faz parte do programa \u201cEscritura Gurupi\u201d e vai beneficiar 107 fam\u00edlias.<\/p>\n\n\n\n<p>A audi\u00eancia foi realizada com o intuito de explicar aos moradores sobre a import\u00e2ncia e os benef\u00edcios de terem seus im\u00f3veis regularizados e para que possam entender quais s\u00e3o os passos necess\u00e1rios durante este processo. No Jardim Paulista II, 107 fam\u00edlias ser\u00e3o beneficiadas, sendo que alguns moradores aguardam o benef\u00edcio h\u00e1 mais de 30 anos.<\/p>\n\n\n\n<p>O secret\u00e1rio Municipal de Desenvolvimento Urbano, Eremilson Leite, explica que j\u00e1 foi feita a topografia do bairro e ap\u00f3s a audi\u00eancia p\u00fablica com os moradores, mais duas etapas ainda ser\u00e3o realizadas. &#8220;Essa audi\u00eancia \u00e9 uma das etapas necess\u00e1rias e fundamentais para a regulariza\u00e7\u00e3o, pois os moradores podem tirar suas d\u00favidas quanto a documenta\u00e7\u00e3o necess\u00e1ria. Ap\u00f3s a audi\u00eancia ser\u00e1 iniciado o cadastro social das fam\u00edlias e depois a an\u00e1lise jur\u00eddica, registro em cart\u00f3rio e confec\u00e7\u00e3o das escrituras&#8221;, afirmou.&nbsp;<\/p>\n\n\n\n<p>Representando a prefeita Josi Nunes na audi\u00eancia, a secret\u00e1ria Municipal de Sa\u00fade, Luana Nunes, destacou que a regulariza\u00e7\u00e3o fundi\u00e1ria tem sido uma das prioridades da atual gest\u00e3o e que o objetivo \u00e9 beneficiar as fam\u00edlias com a valoriza\u00e7\u00e3o dos im\u00f3veis, seguran\u00e7a jur\u00eddica e dignidade. &#8220;\u00c9 um pedido da prefeita Josi Nunes que haja agilidade nesse processo de regulariza\u00e7\u00e3o e a Secretaria de Desenvolvimento Urbano tem atendido e avan\u00e7ado nessas a\u00e7\u00f5es, promovendo a legaliza\u00e7\u00e3o de im\u00f3veis para fam\u00edlias que aguardam h\u00e1 muitos anos pelo benef\u00edcio. \u00c9 fundamental para esses moradores, para que eles tenham a seguran\u00e7a de que os im\u00f3veis realmente s\u00e3o deles&#8221;, disse.&nbsp;<\/p>\n\n\n\n<p>Moradora do bairro h\u00e1 30 anos, a aposentada Maria Aparecida Rodrigues dos Santos agradeceu a prefeita Josi Nunes e sua equipe por atender uma demanda antiga dos moradores. &#8220;\u00c9 um sonho que est\u00e1 cada vez mais pr\u00f3ximo. Aguardamos essa regulariza\u00e7\u00e3o h\u00e1 muito tempo, pois tudo que vamos fazer hoje precisamos estar legalizados. Estamos felizes e confiantes de que em breve estaremos com nossas escrituras em m\u00e3os&#8221;, relatou.&nbsp;<\/p>\n\n\n\n<p>O carroceiro Jacinto Ribeiro Barbosa, mora no bairro h\u00e1 31 anos e tamb\u00e9m est\u00e1 entusiasmado com o in\u00edcio da regulariza\u00e7\u00e3o do setor. &#8220;Muito boa essa reuni\u00e3o para sabermos o que temos que fazer para recebermos nossa escritura. Estamos muito felizes com isso, pois esperamos por esse documento h\u00e1 31 anos&#8221;, disse.&nbsp;<\/p>\n\n\n\n<p><strong>Escritura Gurupi<\/strong><\/p>\n\n\n\n<p>Lan\u00e7ado em fevereiro de 2022 pela Prefeitura de Gurupi, o Programa Escritura Gurupi intensificou as atividades de regulariza\u00e7\u00e3o fundi\u00e1ria no munic\u00edpio e visa proporcionar mais dignidade e seguran\u00e7a jur\u00eddica para 10.400 fam\u00edlias gurupienses que ainda n\u00e3o possuem escrituras de seus im\u00f3veis. At\u00e9 hoje, 1.068 fam\u00edlias j\u00e1 foram beneficiadas pelo programa.<\/p>\n\n\n\n<p>O programa conta com a parceria do Tribunal de Justi\u00e7a do Estado do Tocantins, por meio do N\u00facleo de Preven\u00e7\u00e3o e Regulariza\u00e7\u00e3o Fundi\u00e1ria (Nupref); do Governo do Tocantins, por meio da Companhia Imobili\u00e1ria de Participa\u00e7\u00f5es, Investimentos e Parcerias (Tocantins Parcerias), e do Cart\u00f3rio de Registro de Im\u00f3veis de Gurupi.<\/p>\n\n\n\n<figure class=\"wp-block-image size-full\"><img loading=\"lazy\" decoding=\"async\" width=\"859\" height=\"458\" src=\"https:\/\/focotocantinense.com.br\/wp-content\/uploads\/2024\/01\/AAAAAAAAAAAAAAAAA-1.jpg\" alt=\"\" class=\"wp-image-6780\" srcset=\"https:\/\/focotocantinense.com.br\/wp-content\/uploads\/2024\/01\/AAAAAAAAAAAAAAAAA-1.jpg 859w, https:\/\/focotocantinense.com.br\/wp-content\/uploads\/2024\/01\/AAAAAAAAAAAAAAAAA-1-300x160.jpg 300w, https:\/\/focotocantinense.com.br\/wp-content\/uploads\/2024\/01\/AAAAAAAAAAAAAAAAA-1-768x409.jpg 768w, https:\/\/focotocantinense.com.br\/wp-content\/uploads\/2024\/01\/AAAAAAAAAAAAAAAAA-1-310x165.jpg 310w\" sizes=\"auto, (max-width: 859px) 100vw, 859px\" \/><\/figure>\n\n\n\n<p><\/p>\n\n\n\n<figure class=\"wp-block-image size-full\"><img loading=\"lazy\" decoding=\"async\" width=\"640\" height=\"193\" src=\"https:\/\/focotocantinense.com.br\/wp-content\/uploads\/2024\/01\/VINI_181-3.jpg\" alt=\"\" class=\"wp-image-6769\" srcset=\"https:\/\/focotocantinense.com.br\/wp-content\/uploads\/2024\/01\/VINI_181-3.jpg 640w, https:\/\/focotocantinense.com.br\/wp-content\/uploads\/2024\/01\/VINI_181-3-300x90.jpg 300w\" sizes=\"auto, (max-width: 640px) 100vw, 640px\" \/><\/figure>\n","protected":false},"excerpt":{"rendered":"<p>A Prefeitura de Gurupi, por meio da Secretaria Municipal de Desenvolvimento Urbano, realizou na noite desta quinta-feira, 18, uma audi\u00eancia p\u00fablica com moradores do setor Jardim Paulista II, com o objetivo de orientar e tirar d\u00favidas sobre cada etapa necess\u00e1ria para a regulariza\u00e7\u00e3o fundi\u00e1ria dos im\u00f3veis do bairro. A iniciativa faz parte do programa \u201cEscritura &hellip;<\/p>\n","protected":false},"author":5,"featured_media":6780,"comment_status":"open","ping_status":"open","sticky":false,"template":"","format":"standard","meta":{"footnotes":""},"categories":[38],"tags":[],"class_list":["post-6779","post","type-post","status-publish","format-standard","has-post-thumbnail","","category-gurupi"],"_links":{"self":[{"href":"https:\/\/focotocantinense.com.br\/index.php?rest_route=\/wp\/v2\/posts\/6779","targetHints":{"allow":["GET"]}}],"collection":[{"href":"https:\/\/focotocantinense.com.br\/index.php?rest_route=\/wp\/v2\/posts"}],"about":[{"href":"https:\/\/focotocantinense.com.br\/index.php?rest_route=\/wp\/v2\/types\/post"}],"author":[{"embeddable":true,"href":"https:\/\/focotocantinense.com.br\/index.php?rest_route=\/wp\/v2\/users\/5"}],"replies":[{"embeddable":true,"href":"https:\/\/focotocantinense.com.br\/index.php?rest_route=%2Fwp%2Fv2%2Fcomments&post=6779"}],"version-history":[{"count":1,"href":"https:\/\/focotocantinense.com.br\/index.php?rest_route=\/wp\/v2\/posts\/6779\/revisions"}],"predecessor-version":[{"id":6781,"href":"https:\/\/focotocantinense.com.br\/index.php?rest_route=\/wp\/v2\/posts\/6779\/revisions\/6781"}],"wp:featuredmedia":[{"embeddable":true,"href":"https:\/\/focotocantinense.com.br\/index.php?rest_route=\/wp\/v2\/media\/6780"}],"wp:attachment":[{"href":"https:\/\/focotocantinense.com.br\/index.php?rest_route=%2Fwp%2Fv2%2Fmedia&parent=6779"}],"wp:term":[{"taxonomy":"category","embeddable":true,"href":"https:\/\/focotocantinense.com.br\/index.php?rest_route=%2Fwp%2Fv2%2Fcategories&post=6779"},{"taxonomy":"post_tag","embeddable":true,"href":"https:\/\/focotocantinense.com.br\/index.php?rest_route=%2Fwp%2Fv2%2Ftags&post=6779"}],"curies":[{"name":"wp","href":"https:\/\/api.w.org\/{rel}","templated":true}]}}