{"id":6767,"date":"2024-01-17T11:13:32","date_gmt":"2024-01-17T14:13:32","guid":{"rendered":"https:\/\/focotocantinense.com.br\/?p=6767"},"modified":"2024-01-17T11:44:30","modified_gmt":"2024-01-17T14:44:30","slug":"calendario-escolar-2024-da-rede-municipal-de-ensino-de-tocantinia-e-aprovado-pelo-conselho-municipal-de-educacao","status":"publish","type":"post","link":"https:\/\/focotocantinense.com.br\/?p=6767","title":{"rendered":"Calend\u00e1rio Escolar 2024 da Rede Municipal de Ensino de Tocant\u00ednia \u00e9 aprovado pelo Conselho Municipal de Educa\u00e7\u00e3o"},"content":{"rendered":"\n<p><strong>Por Zacarias&nbsp; Martins&nbsp;&nbsp;<\/strong><\/p>\n\n\n\n<p>Nesta ter\u00e7a-feira, 16, os integrantes do Conselho Municipal de Educa\u00e7\u00e3o de Tocant\u00ednia participaram de uma sess\u00e3o ordin\u00e1ria para vota\u00e7\u00e3o do Calend\u00e1rio Escolar 2024.<\/p>\n\n\n\n<p>Na oportunidade,&nbsp; foi aprovada por unanimidade, &nbsp;a&nbsp; &nbsp;proposta para o in\u00edcio do ano letivo, ficando acertado para o calend\u00e1rio&nbsp; &nbsp;o dia 15 de fevereiro, bem como, a &nbsp;contempla\u00e7\u00e3o de v\u00e1rias a\u00e7\u00f5es da Secretaria Municipal de Educa\u00e7\u00e3o &nbsp;(Semed) na rotina escolar, al\u00e9m de &nbsp;forma\u00e7\u00f5es docentes e dos demais trabalhadores da Educa\u00e7\u00e3o<\/p>\n\n\n\n<p>O secret\u00e1rio de Educa\u00e7\u00e3o de Tocant\u00ednia, professor Andr\u00e9 Goveia informou que o Calend\u00e1rio Escolar 2024 que foi aprovado &nbsp;\u00e9 fruto de discuss\u00f5es nas unidades escolares, Comiss\u00e3o do PCCR e demais segmentos ligados \u00e0 Educa\u00e7\u00e3o Municipal.<\/p>\n\n\n\n<p>O munic\u00edpio de Tocant\u00ednia tem se destacado pela autonomia curricular devido ter se tornado Sistema, por meio da Lei Municipal n\u00b0 552\/2019.<\/p>\n\n\n\n<figure class=\"wp-block-image size-full is-resized\"><img loading=\"lazy\" decoding=\"async\" width=\"1024\" height=\"768\" src=\"https:\/\/focotocantinense.com.br\/wp-content\/uploads\/2024\/01\/FOTO-PRINCIPAL.jpg\" alt=\"\" class=\"wp-image-6771\" style=\"width:397px;height:auto\" srcset=\"https:\/\/focotocantinense.com.br\/wp-content\/uploads\/2024\/01\/FOTO-PRINCIPAL.jpg 1024w, https:\/\/focotocantinense.com.br\/wp-content\/uploads\/2024\/01\/FOTO-PRINCIPAL-300x225.jpg 300w, https:\/\/focotocantinense.com.br\/wp-content\/uploads\/2024\/01\/FOTO-PRINCIPAL-768x576.jpg 768w\" sizes=\"auto, (max-width: 1024px) 100vw, 1024px\" \/><\/figure>\n\n\n\n<p><strong>Diretrizes<\/strong><\/p>\n\n\n\n<p>O Calend\u00e1rio Escolar de Tocant\u00ednia segue as diretrizes nacionais que garante os 200 dias letivos como a LDB, no artigo 24, inciso I que descreve que: \u201ca carga hor\u00e1ria m\u00ednima anual ser\u00e1 de oitocentas horas para o ensino fundamental e para o ensino m\u00e9dio, distribu\u00eddas por um m\u00ednimo de duzentos dias de efetivo trabalho escolar, exclu\u00eddo o tempo reservado aos exames finais.<\/p>\n\n\n\n<figure class=\"wp-block-image size-full is-resized\"><img loading=\"lazy\" decoding=\"async\" width=\"617\" height=\"459\" src=\"https:\/\/focotocantinense.com.br\/wp-content\/uploads\/2024\/01\/1-tocantinia-1.jpg\" alt=\"\" class=\"wp-image-6768\" style=\"width:840px;height:auto\" srcset=\"https:\/\/focotocantinense.com.br\/wp-content\/uploads\/2024\/01\/1-tocantinia-1.jpg 617w, https:\/\/focotocantinense.com.br\/wp-content\/uploads\/2024\/01\/1-tocantinia-1-300x223.jpg 300w\" sizes=\"auto, (max-width: 617px) 100vw, 617px\" \/><\/figure>\n\n\n\n<p><strong>Conselheiros<\/strong><\/p>\n\n\n\n<p>Participaram dessa sess\u00e3o os conselheiros Vagner Pereira da Silva (presidente), Elizete Vieira Lopes Oliveira, Sueli Borges Lima, Renilda Rodrigues de Carvalho, Keila Pereira Brito, Ant\u00f4nio Sidney Rosendo, Lusimar de Souza Ara\u00fajo e Diego Reis Ramos.<\/p>\n\n\n\n<figure class=\"wp-block-image size-full is-resized\"><img loading=\"lazy\" decoding=\"async\" width=\"640\" height=\"193\" src=\"https:\/\/focotocantinense.com.br\/wp-content\/uploads\/2024\/01\/VINI_181-3.jpg\" alt=\"\" class=\"wp-image-6769\" style=\"width:840px;height:auto\" srcset=\"https:\/\/focotocantinense.com.br\/wp-content\/uploads\/2024\/01\/VINI_181-3.jpg 640w, https:\/\/focotocantinense.com.br\/wp-content\/uploads\/2024\/01\/VINI_181-3-300x90.jpg 300w\" sizes=\"auto, (max-width: 640px) 100vw, 640px\" \/><\/figure>\n\n\n\n<p><\/p>\n","protected":false},"excerpt":{"rendered":"<p>Por Zacarias&nbsp; Martins&nbsp;&nbsp; Nesta ter\u00e7a-feira, 16, os integrantes do Conselho Municipal de Educa\u00e7\u00e3o de Tocant\u00ednia participaram de uma sess\u00e3o ordin\u00e1ria para vota\u00e7\u00e3o do Calend\u00e1rio Escolar 2024. Na oportunidade,&nbsp; foi aprovada por unanimidade, &nbsp;a&nbsp; &nbsp;proposta para o in\u00edcio do ano letivo, ficando acertado para o calend\u00e1rio&nbsp; &nbsp;o dia 15 de fevereiro, bem como, a &nbsp;contempla\u00e7\u00e3o de &hellip;<\/p>\n","protected":false},"author":5,"featured_media":6771,"comment_status":"open","ping_status":"open","sticky":false,"template":"","format":"standard","meta":{"footnotes":""},"categories":[1,78],"tags":[],"class_list":["post-6767","post","type-post","status-publish","format-standard","has-post-thumbnail","","category-sem-categoria","category-tocantinia"],"_links":{"self":[{"href":"https:\/\/focotocantinense.com.br\/index.php?rest_route=\/wp\/v2\/posts\/6767","targetHints":{"allow":["GET"]}}],"collection":[{"href":"https:\/\/focotocantinense.com.br\/index.php?rest_route=\/wp\/v2\/posts"}],"about":[{"href":"https:\/\/focotocantinense.com.br\/index.php?rest_route=\/wp\/v2\/types\/post"}],"author":[{"embeddable":true,"href":"https:\/\/focotocantinense.com.br\/index.php?rest_route=\/wp\/v2\/users\/5"}],"replies":[{"embeddable":true,"href":"https:\/\/focotocantinense.com.br\/index.php?rest_route=%2Fwp%2Fv2%2Fcomments&post=6767"}],"version-history":[{"count":2,"href":"https:\/\/focotocantinense.com.br\/index.php?rest_route=\/wp\/v2\/posts\/6767\/revisions"}],"predecessor-version":[{"id":6772,"href":"https:\/\/focotocantinense.com.br\/index.php?rest_route=\/wp\/v2\/posts\/6767\/revisions\/6772"}],"wp:featuredmedia":[{"embeddable":true,"href":"https:\/\/focotocantinense.com.br\/index.php?rest_route=\/wp\/v2\/media\/6771"}],"wp:attachment":[{"href":"https:\/\/focotocantinense.com.br\/index.php?rest_route=%2Fwp%2Fv2%2Fmedia&parent=6767"}],"wp:term":[{"taxonomy":"category","embeddable":true,"href":"https:\/\/focotocantinense.com.br\/index.php?rest_route=%2Fwp%2Fv2%2Fcategories&post=6767"},{"taxonomy":"post_tag","embeddable":true,"href":"https:\/\/focotocantinense.com.br\/index.php?rest_route=%2Fwp%2Fv2%2Ftags&post=6767"}],"curies":[{"name":"wp","href":"https:\/\/api.w.org\/{rel}","templated":true}]}}