{"id":6761,"date":"2024-01-16T17:05:32","date_gmt":"2024-01-16T20:05:32","guid":{"rendered":"https:\/\/focotocantinense.com.br\/?p=6761"},"modified":"2024-01-16T17:05:33","modified_gmt":"2024-01-16T20:05:33","slug":"deputado-antonio-andrade-destina-r-3-milhoes-para-construcao-da-sede-da-policia-militar-em-luzimangues","status":"publish","type":"post","link":"https:\/\/focotocantinense.com.br\/?p=6761","title":{"rendered":"Deputado Antonio Andrade destina R$ 3 milh\u00f5es para constru\u00e7\u00e3o da Sede da Pol\u00edcia Militar em Luzimangues"},"content":{"rendered":"\n<p>Investimento fortalece a seguran\u00e7a p\u00fablica na regi\u00e3o e beneficia comunidade local<\/p>\n\n\n\n<p>O Deputado Federal Antonio Andrade (Republicanos-TO) anunciou a destina\u00e7\u00e3o de R$ 3 milh\u00f5es em emendas para a constru\u00e7\u00e3o da nova Sede da Pol\u00edcia Militar no distrito de Luzimangues, em Porto Nacional.<\/p>\n\n\n\n<p>O investimento do parlamentar representa um marco significativo para a seguran\u00e7a p\u00fablica na regi\u00e3o, proporcionando melhores condi\u00e7\u00f5es de trabalho para os policiais e maior seguran\u00e7a para a comunidade local.<\/p>\n\n\n\n<p>Os recursos ser\u00e3o utilizados na constru\u00e7\u00e3o de uma estrutura moderna e funcional para a Pol\u00edcia Militar, equipada com tecnologia de ponta e infraestrutura adequada para atender \u00e0s necessidades da for\u00e7a de seguran\u00e7a.<\/p>\n\n\n\n<p>Vale ressaltar tamb\u00e9m que a Pol\u00edcia Militar ter\u00e1 estrutura f\u00edsica para prover projetos de assist\u00eancia social para crian\u00e7as carentes do distrito.<\/p>\n\n\n\n<p>Antonio Andrade ressaltou a import\u00e2ncia do investimento para o distrito de Luzimangues. &#8220;A seguran\u00e7a p\u00fablica \u00e9 um dos pilares do bem-estar social. Com essa emenda, a nova sede da PM vai fortalecer a presen\u00e7a policial na regi\u00e3o, o que contribuir\u00e1 para a redu\u00e7\u00e3o da criminalidade e mais tranquilidade no dia a dia para os cidad\u00e3os&#8221;, afirmou.<\/p>\n\n\n\n<p>Al\u00e9m de melhorar as condi\u00e7\u00f5es de trabalho dos policiais, a nova sede tamb\u00e9m possibilitar\u00e1 um atendimento mais eficiente \u00e0 popula\u00e7\u00e3o, garantindo uma resposta mais r\u00e1pida a ocorr\u00eancias e um patrulhamento mais efetivo no distrito.<\/p>\n\n\n\n<p>O Comandante da PMTO, Coronel M\u00e1rcio Ant\u00f4nio, agradeceu o deputado pela destina\u00e7\u00e3o do recurso. &#8220;Este \u00e9 um momento hist\u00f3rico para a PM. Obrigado deputado Antonio Andrade. A constru\u00e7\u00e3o da nova Sede da PM \u00e9 um passo importante para tornar Luzimangues um lugar mais seguro para os moradores&#8221;, disse.<\/p>\n\n\n\n<p>A previs\u00e3o \u00e9 que as obras da sede tenham in\u00edcio no primeiro semestre de 2024, e a comunidade local aguarda com expectativa a conclus\u00e3o deste importante projeto que ir\u00e1 fortalecer a seguran\u00e7a p\u00fablica na regi\u00e3o.<\/p>\n\n\n\n<p>Assessoria de Comunica\u00e7\u00e3o \u2013 Deputado Federal Antonio Andrade<\/p>\n\n\n\n<p><\/p>\n","protected":false},"excerpt":{"rendered":"<p>Investimento fortalece a seguran\u00e7a p\u00fablica na regi\u00e3o e beneficia comunidade local O Deputado Federal Antonio Andrade (Republicanos-TO) anunciou a destina\u00e7\u00e3o de R$ 3 milh\u00f5es em emendas para a constru\u00e7\u00e3o da nova Sede da Pol\u00edcia Militar no distrito de Luzimangues, em Porto Nacional. O investimento do parlamentar representa um marco significativo para a seguran\u00e7a p\u00fablica na &hellip;<\/p>\n","protected":false},"author":5,"featured_media":6762,"comment_status":"open","ping_status":"open","sticky":false,"template":"","format":"standard","meta":{"footnotes":""},"categories":[1],"tags":[],"class_list":["post-6761","post","type-post","status-publish","format-standard","has-post-thumbnail","","category-sem-categoria"],"_links":{"self":[{"href":"https:\/\/focotocantinense.com.br\/index.php?rest_route=\/wp\/v2\/posts\/6761","targetHints":{"allow":["GET"]}}],"collection":[{"href":"https:\/\/focotocantinense.com.br\/index.php?rest_route=\/wp\/v2\/posts"}],"about":[{"href":"https:\/\/focotocantinense.com.br\/index.php?rest_route=\/wp\/v2\/types\/post"}],"author":[{"embeddable":true,"href":"https:\/\/focotocantinense.com.br\/index.php?rest_route=\/wp\/v2\/users\/5"}],"replies":[{"embeddable":true,"href":"https:\/\/focotocantinense.com.br\/index.php?rest_route=%2Fwp%2Fv2%2Fcomments&post=6761"}],"version-history":[{"count":1,"href":"https:\/\/focotocantinense.com.br\/index.php?rest_route=\/wp\/v2\/posts\/6761\/revisions"}],"predecessor-version":[{"id":6763,"href":"https:\/\/focotocantinense.com.br\/index.php?rest_route=\/wp\/v2\/posts\/6761\/revisions\/6763"}],"wp:featuredmedia":[{"embeddable":true,"href":"https:\/\/focotocantinense.com.br\/index.php?rest_route=\/wp\/v2\/media\/6762"}],"wp:attachment":[{"href":"https:\/\/focotocantinense.com.br\/index.php?rest_route=%2Fwp%2Fv2%2Fmedia&parent=6761"}],"wp:term":[{"taxonomy":"category","embeddable":true,"href":"https:\/\/focotocantinense.com.br\/index.php?rest_route=%2Fwp%2Fv2%2Fcategories&post=6761"},{"taxonomy":"post_tag","embeddable":true,"href":"https:\/\/focotocantinense.com.br\/index.php?rest_route=%2Fwp%2Fv2%2Ftags&post=6761"}],"curies":[{"name":"wp","href":"https:\/\/api.w.org\/{rel}","templated":true}]}}