{"id":6754,"date":"2024-01-16T11:46:33","date_gmt":"2024-01-16T14:46:33","guid":{"rendered":"https:\/\/focotocantinense.com.br\/?p=6754"},"modified":"2024-01-16T11:46:35","modified_gmt":"2024-01-16T14:46:35","slug":"prefeito-de-tocantinia-joao-alberto-realiza-primeira-reuniao-com-a-equipe-da-secretaria-municipal-de-educacao","status":"publish","type":"post","link":"https:\/\/focotocantinense.com.br\/?p=6754","title":{"rendered":"Prefeito de Tocant\u00ednia, \u00a0Jo\u00e3o Alberto, realiza primeira reuni\u00e3o com a equipe da Secretaria Municipal de Educa\u00e7\u00e3o"},"content":{"rendered":"\n<p>Na manh\u00e3 de segunda-feira, 15, o &nbsp;prefeito de Tocant\u00ednia, &nbsp;Jo\u00e3o Alberto Coelho Machado&nbsp;se reuniu com o secret\u00e1rio de Educa\u00e7\u00e3o, Andr\u00e9 Goveia, a equipe t\u00e9cnica da Secretaria Municipal de Educa\u00e7\u00e3o (Semed), bem como, &nbsp;os diretores, secret\u00e1rios escolares e servidores administrativos, onde foram tratados assunto relacionados ao planejamento das a\u00e7\u00f5es e projetos da \u00e1rea que ser\u00e3o colocados em pr\u00e1tica no decorrer deste ano.<\/p>\n\n\n\n<p>Na oportunidade, o &nbsp;prefeito Jo\u00e3o Alberto destacou a import\u00e2ncia do comprometimento e empenho pela qualidade da educa\u00e7\u00e3o para continuar avan\u00e7ando neste ano nos investimentos em tecnologias educacionais e monitoramento constante dos resultados de aprendizagem visando o desenvolvimento da forma\u00e7\u00e3o integral dos alunos.<\/p>\n\n\n\n<p><strong>Gest\u00e3o compartilhada<\/strong><\/p>\n\n\n\n<p>O prefeito explicitou que adotar\u00e1 a metodologia de trabalho de encontros com as equipes, al\u00e9m das consultas t\u00e9cnicas e escuta dos servidores e da comunidade para o desenvolvimento de uma gest\u00e3o compartilhada que atenda de forma satisfat\u00f3ria os anseios e necessidades do povo na educa\u00e7\u00e3o e nas demais \u00e1reas.<\/p>\n\n\n\n<p><strong>Avalia\u00e7\u00e3o<\/strong><\/p>\n\n\n\n<p>O secret\u00e1rio de Educa\u00e7\u00e3o de Tocant\u00ednia, Andr\u00e9 Goveia, avaliou como muito positivo esse encontro, destacando \u00a0que proporcionou um momento de partilha de experi\u00eancias, sugest\u00f5es e ideias inovadoras com a vasta participa\u00e7\u00e3o de todos.<\/p>\n\n\n\n<figure class=\"wp-block-image size-large\"><img loading=\"lazy\" decoding=\"async\" width=\"1024\" height=\"576\" src=\"https:\/\/focotocantinense.com.br\/wp-content\/uploads\/2024\/01\/3-TOCANINIA-1024x576.jpg\" alt=\"\" class=\"wp-image-6758\" srcset=\"https:\/\/focotocantinense.com.br\/wp-content\/uploads\/2024\/01\/3-TOCANINIA-1024x576.jpg 1024w, https:\/\/focotocantinense.com.br\/wp-content\/uploads\/2024\/01\/3-TOCANINIA-300x169.jpg 300w, https:\/\/focotocantinense.com.br\/wp-content\/uploads\/2024\/01\/3-TOCANINIA-768x432.jpg 768w, https:\/\/focotocantinense.com.br\/wp-content\/uploads\/2024\/01\/3-TOCANINIA-1536x864.jpg 1536w, https:\/\/focotocantinense.com.br\/wp-content\/uploads\/2024\/01\/3-TOCANINIA.jpg 1600w\" sizes=\"auto, (max-width: 1024px) 100vw, 1024px\" \/><\/figure>\n\n\n\n<p><\/p>\n\n\n\n<figure class=\"wp-block-image size-large\"><img loading=\"lazy\" decoding=\"async\" width=\"1024\" height=\"576\" src=\"https:\/\/focotocantinense.com.br\/wp-content\/uploads\/2024\/01\/2-TOCANTINIA-1024x576.jpg\" alt=\"\" class=\"wp-image-6757\" srcset=\"https:\/\/focotocantinense.com.br\/wp-content\/uploads\/2024\/01\/2-TOCANTINIA-1024x576.jpg 1024w, https:\/\/focotocantinense.com.br\/wp-content\/uploads\/2024\/01\/2-TOCANTINIA-300x169.jpg 300w, https:\/\/focotocantinense.com.br\/wp-content\/uploads\/2024\/01\/2-TOCANTINIA-768x432.jpg 768w, https:\/\/focotocantinense.com.br\/wp-content\/uploads\/2024\/01\/2-TOCANTINIA-1536x864.jpg 1536w, https:\/\/focotocantinense.com.br\/wp-content\/uploads\/2024\/01\/2-TOCANTINIA.jpg 1600w\" sizes=\"auto, (max-width: 1024px) 100vw, 1024px\" \/><\/figure>\n\n\n\n<p><\/p>\n\n\n\n<figure class=\"wp-block-image size-full\"><img loading=\"lazy\" decoding=\"async\" width=\"600\" height=\"458\" src=\"https:\/\/focotocantinense.com.br\/wp-content\/uploads\/2024\/01\/4-TOCANTINIA.jpg\" alt=\"\" class=\"wp-image-6756\" srcset=\"https:\/\/focotocantinense.com.br\/wp-content\/uploads\/2024\/01\/4-TOCANTINIA.jpg 600w, https:\/\/focotocantinense.com.br\/wp-content\/uploads\/2024\/01\/4-TOCANTINIA-300x229.jpg 300w\" sizes=\"auto, (max-width: 600px) 100vw, 600px\" \/><\/figure>\n\n\n\n<p><\/p>\n\n\n\n<p><\/p>\n\n\n\n<p><\/p>\n\n\n\n<figure class=\"wp-block-image size-full\"><img loading=\"lazy\" decoding=\"async\" width=\"640\" height=\"193\" src=\"https:\/\/focotocantinense.com.br\/wp-content\/uploads\/2024\/01\/VINI_181-2.jpg\" alt=\"\" class=\"wp-image-6744\" srcset=\"https:\/\/focotocantinense.com.br\/wp-content\/uploads\/2024\/01\/VINI_181-2.jpg 640w, https:\/\/focotocantinense.com.br\/wp-content\/uploads\/2024\/01\/VINI_181-2-300x90.jpg 300w\" sizes=\"auto, (max-width: 640px) 100vw, 640px\" \/><\/figure>\n","protected":false},"excerpt":{"rendered":"<p>Na manh\u00e3 de segunda-feira, 15, o &nbsp;prefeito de Tocant\u00ednia, &nbsp;Jo\u00e3o Alberto Coelho Machado&nbsp;se reuniu com o secret\u00e1rio de Educa\u00e7\u00e3o, Andr\u00e9 Goveia, a equipe t\u00e9cnica da Secretaria Municipal de Educa\u00e7\u00e3o (Semed), bem como, &nbsp;os diretores, secret\u00e1rios escolares e servidores administrativos, onde foram tratados assunto relacionados ao planejamento das a\u00e7\u00f5es e projetos da \u00e1rea que ser\u00e3o colocados &hellip;<\/p>\n","protected":false},"author":5,"featured_media":6755,"comment_status":"open","ping_status":"open","sticky":false,"template":"","format":"standard","meta":{"footnotes":""},"categories":[78],"tags":[],"class_list":["post-6754","post","type-post","status-publish","format-standard","has-post-thumbnail","","category-tocantinia"],"_links":{"self":[{"href":"https:\/\/focotocantinense.com.br\/index.php?rest_route=\/wp\/v2\/posts\/6754","targetHints":{"allow":["GET"]}}],"collection":[{"href":"https:\/\/focotocantinense.com.br\/index.php?rest_route=\/wp\/v2\/posts"}],"about":[{"href":"https:\/\/focotocantinense.com.br\/index.php?rest_route=\/wp\/v2\/types\/post"}],"author":[{"embeddable":true,"href":"https:\/\/focotocantinense.com.br\/index.php?rest_route=\/wp\/v2\/users\/5"}],"replies":[{"embeddable":true,"href":"https:\/\/focotocantinense.com.br\/index.php?rest_route=%2Fwp%2Fv2%2Fcomments&post=6754"}],"version-history":[{"count":1,"href":"https:\/\/focotocantinense.com.br\/index.php?rest_route=\/wp\/v2\/posts\/6754\/revisions"}],"predecessor-version":[{"id":6759,"href":"https:\/\/focotocantinense.com.br\/index.php?rest_route=\/wp\/v2\/posts\/6754\/revisions\/6759"}],"wp:featuredmedia":[{"embeddable":true,"href":"https:\/\/focotocantinense.com.br\/index.php?rest_route=\/wp\/v2\/media\/6755"}],"wp:attachment":[{"href":"https:\/\/focotocantinense.com.br\/index.php?rest_route=%2Fwp%2Fv2%2Fmedia&parent=6754"}],"wp:term":[{"taxonomy":"category","embeddable":true,"href":"https:\/\/focotocantinense.com.br\/index.php?rest_route=%2Fwp%2Fv2%2Fcategories&post=6754"},{"taxonomy":"post_tag","embeddable":true,"href":"https:\/\/focotocantinense.com.br\/index.php?rest_route=%2Fwp%2Fv2%2Ftags&post=6754"}],"curies":[{"name":"wp","href":"https:\/\/api.w.org\/{rel}","templated":true}]}}