{"id":6751,"date":"2024-01-15T16:03:49","date_gmt":"2024-01-15T19:03:49","guid":{"rendered":"https:\/\/focotocantinense.com.br\/?p=6751"},"modified":"2024-01-15T16:03:50","modified_gmt":"2024-01-15T19:03:50","slug":"prefeitura-de-formoso-do-araguaia-oferece-cursos-superiores-100-gratuitos","status":"publish","type":"post","link":"https:\/\/focotocantinense.com.br\/?p=6751","title":{"rendered":"Prefeitura de Formoso do Araguaia oferece Cursos Superiores 100% gratuitos"},"content":{"rendered":"\n<p><strong>Por Jonas Amaral<\/strong><\/p>\n\n\n\n<p>Em uma iniciativa inovadora, a comunidade de Formoso do Araguaia celebra a chegada de uma not\u00edcia que promete transformar o destino de muitos de seus moradores em busca de conhecimento e qualifica\u00e7\u00e3o profissional.<\/p>\n\n\n\n<p>Em uma parceria entre a Prefeitura Municipal, por meio da Secretaria Municipal de Educa\u00e7\u00e3o, Cultura e Assuntos Ind\u00edgenas, o Programa Educa+ do Governo do Tocantins, atrav\u00e9s da Funda\u00e7\u00e3o de Amparo e Pesquisa, e a UNITOP \u2013 Ensino Superior Gradua\u00e7\u00e3o Semipresencial, a cidade agora conta com uma variedade de cursos superiores semipresenciais, totalmente gratuitos.<\/p>\n\n\n\n<p><strong><em>Cursos para todos os interesses<\/em><\/strong><\/p>\n\n\n\n<p>A oferta abrange cursos na Escola de Empreendedorismo, com op\u00e7\u00f5es como Administra\u00e7\u00e3o, Ci\u00eancias Cont\u00e1beis, Marketing, Gest\u00e3o Ambiental, entre outros. J\u00e1 na Escola de Educa\u00e7\u00e3o, os interessados podem escolher entre Arte C\u00eanica, Letras (Portugu\u00eas\/Ingl\u00eas, Portugu\u00eas\/Literatura), Educa\u00e7\u00e3o F\u00edsica, Hist\u00f3ria, Biologia, e muitos outros. As inscri\u00e7\u00f5es para as bolsas de estudo 100% gratuitas j\u00e1 est\u00e3o abertas e v\u00e3o at\u00e9 o dia 20 de janeiro, na Secretaria de Educa\u00e7\u00e3o, Cultura e Assuntos Ind\u00edgenas e aulas previsto a iniciar no pr\u00f3ximo dia 29 de janeiro. Mais informa\u00e7\u00f5es podem ser obtidas pelo telefone (63) 9 84378617.<\/p>\n\n\n\n<p><strong><em>Compromisso com a Educa\u00e7\u00e3o Local<\/em><\/strong><\/p>\n\n\n\n<p>A Secret\u00e1ria Municipal de Educa\u00e7\u00e3o, Cultura e Assuntos Ind\u00edgenas, Isabel Ferreira Rocha, expressou sua satisfa\u00e7\u00e3o e destacou o empenho e comprometimento na busca dessa oportunidade para a comunidade formosense.&nbsp;<em>\u201cEstamos oferecendo a chance de realizar um curso superior de qualidade e sem custos para os alunos. Acreditamos que a educa\u00e7\u00e3o \u00e9 o caminho para o desenvolvimento, e essa parceria representa uma oportunidade \u00fanica para todos que almejam concluir um curso superior. Queremos garantir que a educa\u00e7\u00e3o seja acess\u00edvel a todos, independentemente das condi\u00e7\u00f5es financeiras\u201d,&nbsp;<\/em>ressaltou Isabel, estendendo seus agradecimentos ao prefeito Heno Rodrigues pelo constante apoio e incentivo \u00e0 educa\u00e7\u00e3o de qualidade.<\/p>\n\n\n\n<p><strong><em>Compromisso com o Futuro<\/em><\/strong><\/p>\n\n\n\n<p>O prefeito Heno Rodrigues, por sua vez, reafirmou seu compromisso com a educa\u00e7\u00e3o e ressaltou a import\u00e2ncia de buscar oportunidades que beneficiem a comunidade local.&nbsp;<em>\u201cInvestir em educa\u00e7\u00e3o \u00e9 investir no futuro de nossa cidade. Estamos empenhados em proporcionar oportunidades de crescimento e desenvolvimento para todos os formosenses. Agrade\u00e7o a parceria com a UNITOP e o Governo do Tocantins por tornarem poss\u00edvel essa iniciativa\u201d,<\/em>&nbsp;afirmou o prefeito, reafirmando seu comprometimento em promover o desenvolvimento e bem-estar por meio da educa\u00e7\u00e3o.<\/p>\n\n\n\n<p>Com a abertura dessas portas para a educa\u00e7\u00e3o superior, Formoso do Araguaia d\u00e1 um passo significativo rumo a um futuro mais promissor e capacitado para sua popula\u00e7\u00e3o.<\/p>\n\n\n<div class=\"wp-block-image\">\n<figure class=\"aligncenter\"><img decoding=\"async\" src=\"https:\/\/portaldoamaral.com.br\/wp-content\/uploads\/2024\/01\/Unitop-Formoso.jpeg\" alt=\"\" class=\"wp-image-144230\"\/><\/figure>\n<\/div>\n\n\n<figure class=\"wp-block-image\"><img decoding=\"async\" src=\"http:\/\/n1to.com.br\/img\/uploads\/VINI_181_83.jpg\" alt=\"\"\/><\/figure>\n","protected":false},"excerpt":{"rendered":"<p>Por Jonas Amaral Em uma iniciativa inovadora, a comunidade de Formoso do Araguaia celebra a chegada de uma not\u00edcia que promete transformar o destino de muitos de seus moradores em busca de conhecimento e qualifica\u00e7\u00e3o profissional. Em uma parceria entre a Prefeitura Municipal, por meio da Secretaria Municipal de Educa\u00e7\u00e3o, Cultura e Assuntos Ind\u00edgenas, o &hellip;<\/p>\n","protected":false},"author":5,"featured_media":6752,"comment_status":"open","ping_status":"open","sticky":false,"template":"","format":"standard","meta":{"footnotes":""},"categories":[51],"tags":[],"class_list":["post-6751","post","type-post","status-publish","format-standard","has-post-thumbnail","","category-formoso-do-araguaia"],"_links":{"self":[{"href":"https:\/\/focotocantinense.com.br\/index.php?rest_route=\/wp\/v2\/posts\/6751","targetHints":{"allow":["GET"]}}],"collection":[{"href":"https:\/\/focotocantinense.com.br\/index.php?rest_route=\/wp\/v2\/posts"}],"about":[{"href":"https:\/\/focotocantinense.com.br\/index.php?rest_route=\/wp\/v2\/types\/post"}],"author":[{"embeddable":true,"href":"https:\/\/focotocantinense.com.br\/index.php?rest_route=\/wp\/v2\/users\/5"}],"replies":[{"embeddable":true,"href":"https:\/\/focotocantinense.com.br\/index.php?rest_route=%2Fwp%2Fv2%2Fcomments&post=6751"}],"version-history":[{"count":1,"href":"https:\/\/focotocantinense.com.br\/index.php?rest_route=\/wp\/v2\/posts\/6751\/revisions"}],"predecessor-version":[{"id":6753,"href":"https:\/\/focotocantinense.com.br\/index.php?rest_route=\/wp\/v2\/posts\/6751\/revisions\/6753"}],"wp:featuredmedia":[{"embeddable":true,"href":"https:\/\/focotocantinense.com.br\/index.php?rest_route=\/wp\/v2\/media\/6752"}],"wp:attachment":[{"href":"https:\/\/focotocantinense.com.br\/index.php?rest_route=%2Fwp%2Fv2%2Fmedia&parent=6751"}],"wp:term":[{"taxonomy":"category","embeddable":true,"href":"https:\/\/focotocantinense.com.br\/index.php?rest_route=%2Fwp%2Fv2%2Fcategories&post=6751"},{"taxonomy":"post_tag","embeddable":true,"href":"https:\/\/focotocantinense.com.br\/index.php?rest_route=%2Fwp%2Fv2%2Ftags&post=6751"}],"curies":[{"name":"wp","href":"https:\/\/api.w.org\/{rel}","templated":true}]}}