{"id":6738,"date":"2024-01-14T19:58:40","date_gmt":"2024-01-14T22:58:40","guid":{"rendered":"https:\/\/focotocantinense.com.br\/?p=6738"},"modified":"2024-01-15T15:14:30","modified_gmt":"2024-01-15T18:14:30","slug":"humorista-tocantinense-vinicius-martins-se-apresenta-em-brasilia","status":"publish","type":"post","link":"https:\/\/focotocantinense.com.br\/?p=6738","title":{"rendered":"Humorista tocantinense Vin\u00edcius Martins se apresenta em Bras\u00edlia"},"content":{"rendered":"\n<p><\/p>\n\n\n\n<p><strong><em>Conex\u00e3o Fora do Eixo<\/em><\/strong>, Show de Stand-Up Comedy, acontece nesta quinta-feira, 18, no Sophie Caf\u00e9 em Bras\u00edlia (DF) \u00e0s 20hs e conta no elenco o humorista tocantinense Vin\u00edcius Martins e os brasilienses Ana Aranha e Gabriel Reis.<\/p>\n\n\n\n<p>Na sua trajet\u00f3ria na com\u00e9dia Vin\u00edcius Martins arrancou sorrisos de norte a sul do estado, j\u00e1 fez a abertura para humoristas consagrados como o franc\u00eas Paul Cabannes. Esta \u00e9 a segunda vez que o humorista se apresenta em Bras\u00edlia (DF), segundo o humorista o p\u00fablico de Bras\u00edlia \u00e9 bem receptivo e adora dar boas risadas.<\/p>\n\n\n\n<p>Os ingressos antecipados est\u00e3o \u00e0 venda on-line no Sympla ao pre\u00e7o de R$ 20,00.<\/p>\n\n\n\n<figure class=\"wp-block-image size-full is-resized\"><img loading=\"lazy\" decoding=\"async\" width=\"705\" height=\"460\" src=\"https:\/\/focotocantinense.com.br\/wp-content\/uploads\/2024\/01\/SHOW-DE-UOR-DE-VINICIUS-MARTINS-EM-BRASILIA.jpg\" alt=\"\" class=\"wp-image-6739\" style=\"width:406px;height:auto\" srcset=\"https:\/\/focotocantinense.com.br\/wp-content\/uploads\/2024\/01\/SHOW-DE-UOR-DE-VINICIUS-MARTINS-EM-BRASILIA.jpg 705w, https:\/\/focotocantinense.com.br\/wp-content\/uploads\/2024\/01\/SHOW-DE-UOR-DE-VINICIUS-MARTINS-EM-BRASILIA-300x196.jpg 300w\" sizes=\"auto, (max-width: 705px) 100vw, 705px\" \/><\/figure>\n\n\n\n<p><\/p>\n\n\n\n<p><\/p>\n\n\n\n<figure class=\"wp-block-image size-full\"><img loading=\"lazy\" decoding=\"async\" width=\"640\" height=\"193\" src=\"https:\/\/focotocantinense.com.br\/wp-content\/uploads\/2024\/01\/VINI_181-1.jpg\" alt=\"\" class=\"wp-image-6712\" srcset=\"https:\/\/focotocantinense.com.br\/wp-content\/uploads\/2024\/01\/VINI_181-1.jpg 640w, https:\/\/focotocantinense.com.br\/wp-content\/uploads\/2024\/01\/VINI_181-1-300x90.jpg 300w\" sizes=\"auto, (max-width: 640px) 100vw, 640px\" \/><\/figure>\n","protected":false},"excerpt":{"rendered":"<p>Conex\u00e3o Fora do Eixo, Show de Stand-Up Comedy, acontece nesta quinta-feira, 18, no Sophie Caf\u00e9 em Bras\u00edlia (DF) \u00e0s 20hs e conta no elenco o humorista tocantinense Vin\u00edcius Martins e os brasilienses Ana Aranha e Gabriel Reis. Na sua trajet\u00f3ria na com\u00e9dia Vin\u00edcius Martins arrancou sorrisos de norte a sul do estado, j\u00e1 fez a &hellip;<\/p>\n","protected":false},"author":5,"featured_media":6739,"comment_status":"open","ping_status":"open","sticky":false,"template":"","format":"standard","meta":{"footnotes":""},"categories":[38],"tags":[],"class_list":["post-6738","post","type-post","status-publish","format-standard","has-post-thumbnail","","category-gurupi"],"_links":{"self":[{"href":"https:\/\/focotocantinense.com.br\/index.php?rest_route=\/wp\/v2\/posts\/6738","targetHints":{"allow":["GET"]}}],"collection":[{"href":"https:\/\/focotocantinense.com.br\/index.php?rest_route=\/wp\/v2\/posts"}],"about":[{"href":"https:\/\/focotocantinense.com.br\/index.php?rest_route=\/wp\/v2\/types\/post"}],"author":[{"embeddable":true,"href":"https:\/\/focotocantinense.com.br\/index.php?rest_route=\/wp\/v2\/users\/5"}],"replies":[{"embeddable":true,"href":"https:\/\/focotocantinense.com.br\/index.php?rest_route=%2Fwp%2Fv2%2Fcomments&post=6738"}],"version-history":[{"count":4,"href":"https:\/\/focotocantinense.com.br\/index.php?rest_route=\/wp\/v2\/posts\/6738\/revisions"}],"predecessor-version":[{"id":6749,"href":"https:\/\/focotocantinense.com.br\/index.php?rest_route=\/wp\/v2\/posts\/6738\/revisions\/6749"}],"wp:featuredmedia":[{"embeddable":true,"href":"https:\/\/focotocantinense.com.br\/index.php?rest_route=\/wp\/v2\/media\/6739"}],"wp:attachment":[{"href":"https:\/\/focotocantinense.com.br\/index.php?rest_route=%2Fwp%2Fv2%2Fmedia&parent=6738"}],"wp:term":[{"taxonomy":"category","embeddable":true,"href":"https:\/\/focotocantinense.com.br\/index.php?rest_route=%2Fwp%2Fv2%2Fcategories&post=6738"},{"taxonomy":"post_tag","embeddable":true,"href":"https:\/\/focotocantinense.com.br\/index.php?rest_route=%2Fwp%2Fv2%2Ftags&post=6738"}],"curies":[{"name":"wp","href":"https:\/\/api.w.org\/{rel}","templated":true}]}}