{"id":6735,"date":"2024-01-12T17:24:43","date_gmt":"2024-01-12T20:24:43","guid":{"rendered":"https:\/\/focotocantinense.com.br\/?p=6735"},"modified":"2024-01-12T17:31:31","modified_gmt":"2024-01-12T20:31:31","slug":"tendo-parceria-fortalecida-com-o-governo-do-estado-antonio-andrade-finalizou-2023-tendo-balanco-positivo-de-trabalho","status":"publish","type":"post","link":"https:\/\/focotocantinense.com.br\/?p=6735","title":{"rendered":"Tendo parceria fortalecida com o Governo do Estado, Antonio Andrade finalizou 2023 tendo balan\u00e7o positivo de trabalho"},"content":{"rendered":"\n<p><\/p>\n\n\n\n<p>Sempre atento \u00e0s demandas da popula\u00e7\u00e3o, o parlamentar destinou atrav\u00e9s de emendas parlamentares recursos que resultaram em muitas conquistas para o Tocantins<\/p>\n\n\n\n<p>Iniciando 2024 com o \u00e2nimo renovado, o deputado federal tocantinense que conquistou a maior vota\u00e7\u00e3o nas \u00faltimas elei\u00e7\u00f5es, Antonio Andrade, teve um \u00f3timo desempenho em seu 1\u00b0 ano de mandato como parlamentar na C\u00e2mara dos deputados.<br>Em um ano, conseguiu a aprova\u00e7\u00e3o de importantes projetos de lei de sua autoria em favor da popula\u00e7\u00e3o. Al\u00e9m dos recursos destinados \u00e0 Sa\u00fade P\u00fablica, Educa\u00e7\u00e3o, Infraestrutura, Esporte, dentre outras \u00e1reas, fortaleceu a parceria com o Governo do Estado, visando prioritariamente promover melhorias na vida dos cidad\u00e3os.<br>Sobre os avan\u00e7os, o deputado do Republicanos destacou: \u201cTerminei 2023 convicto de que o nosso trabalho caminhou no rumo certo, onde, com atua\u00e7\u00f5es efetivas estive defendendo sempre quest\u00f5es importantes para o Tocantins e a popula\u00e7\u00e3o de todos os munic\u00edpios. Em 2024, a meta \u00e9 trabalhar ainda mais, com transpar\u00eancia e comprometimento\u201d, finalizou o parlamentar.<br>Por fim, o deputado agradeceu a confian\u00e7a depositada em seu trabalho, garantindo que seguir\u00e1 empenhado em fazer com que as pessoas possam ter acesso aos seus direitos, como sa\u00fade, educa\u00e7\u00e3o, seguran\u00e7a e cultura, tornando a vida mais justa e digna para todos.<\/p>\n\n\n\n<figure class=\"wp-block-image size-full\"><img loading=\"lazy\" decoding=\"async\" width=\"1024\" height=\"683\" src=\"https:\/\/focotocantinense.com.br\/wp-content\/uploads\/2024\/01\/3a769595-535e-4d4f-abf6-b2040866295f.jpg\" alt=\"\" class=\"wp-image-6736\" srcset=\"https:\/\/focotocantinense.com.br\/wp-content\/uploads\/2024\/01\/3a769595-535e-4d4f-abf6-b2040866295f.jpg 1024w, https:\/\/focotocantinense.com.br\/wp-content\/uploads\/2024\/01\/3a769595-535e-4d4f-abf6-b2040866295f-300x200.jpg 300w, https:\/\/focotocantinense.com.br\/wp-content\/uploads\/2024\/01\/3a769595-535e-4d4f-abf6-b2040866295f-768x512.jpg 768w\" sizes=\"auto, (max-width: 1024px) 100vw, 1024px\" \/><\/figure>\n\n\n\n<figure class=\"wp-block-image size-full\"><img loading=\"lazy\" decoding=\"async\" width=\"640\" height=\"193\" src=\"https:\/\/focotocantinense.com.br\/wp-content\/uploads\/2024\/01\/VINI_181-1.jpg\" alt=\"\" class=\"wp-image-6712\" srcset=\"https:\/\/focotocantinense.com.br\/wp-content\/uploads\/2024\/01\/VINI_181-1.jpg 640w, https:\/\/focotocantinense.com.br\/wp-content\/uploads\/2024\/01\/VINI_181-1-300x90.jpg 300w\" sizes=\"auto, (max-width: 640px) 100vw, 640px\" \/><\/figure>\n","protected":false},"excerpt":{"rendered":"<p>Sempre atento \u00e0s demandas da popula\u00e7\u00e3o, o parlamentar destinou atrav\u00e9s de emendas parlamentares recursos que resultaram em muitas conquistas para o Tocantins Iniciando 2024 com o \u00e2nimo renovado, o deputado federal tocantinense que conquistou a maior vota\u00e7\u00e3o nas \u00faltimas elei\u00e7\u00f5es, Antonio Andrade, teve um \u00f3timo desempenho em seu 1\u00b0 ano de mandato como parlamentar na &hellip;<\/p>\n","protected":false},"author":5,"featured_media":6736,"comment_status":"open","ping_status":"open","sticky":false,"template":"","format":"standard","meta":{"footnotes":""},"categories":[40,1],"tags":[],"class_list":["post-6735","post","type-post","status-publish","format-standard","has-post-thumbnail","","category-politica","category-sem-categoria"],"_links":{"self":[{"href":"https:\/\/focotocantinense.com.br\/index.php?rest_route=\/wp\/v2\/posts\/6735","targetHints":{"allow":["GET"]}}],"collection":[{"href":"https:\/\/focotocantinense.com.br\/index.php?rest_route=\/wp\/v2\/posts"}],"about":[{"href":"https:\/\/focotocantinense.com.br\/index.php?rest_route=\/wp\/v2\/types\/post"}],"author":[{"embeddable":true,"href":"https:\/\/focotocantinense.com.br\/index.php?rest_route=\/wp\/v2\/users\/5"}],"replies":[{"embeddable":true,"href":"https:\/\/focotocantinense.com.br\/index.php?rest_route=%2Fwp%2Fv2%2Fcomments&post=6735"}],"version-history":[{"count":1,"href":"https:\/\/focotocantinense.com.br\/index.php?rest_route=\/wp\/v2\/posts\/6735\/revisions"}],"predecessor-version":[{"id":6737,"href":"https:\/\/focotocantinense.com.br\/index.php?rest_route=\/wp\/v2\/posts\/6735\/revisions\/6737"}],"wp:featuredmedia":[{"embeddable":true,"href":"https:\/\/focotocantinense.com.br\/index.php?rest_route=\/wp\/v2\/media\/6736"}],"wp:attachment":[{"href":"https:\/\/focotocantinense.com.br\/index.php?rest_route=%2Fwp%2Fv2%2Fmedia&parent=6735"}],"wp:term":[{"taxonomy":"category","embeddable":true,"href":"https:\/\/focotocantinense.com.br\/index.php?rest_route=%2Fwp%2Fv2%2Fcategories&post=6735"},{"taxonomy":"post_tag","embeddable":true,"href":"https:\/\/focotocantinense.com.br\/index.php?rest_route=%2Fwp%2Fv2%2Ftags&post=6735"}],"curies":[{"name":"wp","href":"https:\/\/api.w.org\/{rel}","templated":true}]}}